{"id":24234,"date":"2023-07-29T12:07:44","date_gmt":"2023-07-29T11:07:44","guid":{"rendered":"https:\/\/letempsmag.ma\/?p=24234"},"modified":"2023-07-29T12:07:45","modified_gmt":"2023-07-29T11:07:45","slug":"le-maroc-condamne-la-persistance-des-incursions-delements-israeliens-dans-la-mosquee-al-aqsa","status":"publish","type":"post","link":"https:\/\/letempsmag.ma\/?p=24234","title":{"rendered":"Le Maroc condamne la persistance des incursions d\u2019\u00e9l\u00e9ments isra\u00e9liens dans la Mosqu\u00e9e Al Aqsa"},"content":{"rendered":"\n<p>Le Maroc, dont le Souverain pr\u00e9side le Comit\u00e9 Al Qods, condamne la persistance des incursions par certains responsables isra\u00e9liens dans la Mosqu\u00e9e Al Aqsa et son esplanade avec la participation de certains extr\u00e9mistes parmi leurs partisans. C\u2019est &nbsp;ce qu\u2019a indiqu\u00e9 jeudi dernier le minist\u00e8re des Affaires \u00e9trang\u00e8res, de la Coop\u00e9ration africaine et des Marocains r\u00e9sidant \u00e0 l&#8217;\u00e9tranger.<\/p>\n\n\n\n<p>Partant des principes constants de S.M. le Roi Mohammed VI, le Maroc r\u00e9it\u00e8re son refus total de tous les agissements unilat\u00e9raux visant \u00e0 nuire aux efforts d\u2019apaisement, appelle au maintien du statut juridique et historique \u00e9tabli dans la ville d\u2019Al Qods et la Mosqu\u00e9e Al Aqsa. Le Souverain appelle \u00e9galement les responsables Isra\u00e9liens \u00e0 \u00e9viter toutes les formes d\u2019escalade et de provocation.<\/p>\n\n\n\n<p><strong>E. D.<\/strong><\/p>\n","protected":false},"excerpt":{"rendered":"<p>Le Maroc, dont le Souverain pr\u00e9side le Comit\u00e9 Al Qods, condamne la persistance des incursions par certains responsables isra\u00e9liens dans la Mosqu\u00e9e Al Aqsa et son esplanade avec la participation de certains extr\u00e9mistes parmi leurs partisans. C\u2019est &nbsp;ce qu\u2019a indiqu\u00e9 jeudi dernier le minist\u00e8re des Affaires \u00e9trang\u00e8res, de la Coop\u00e9ration africaine et des Marocains r\u00e9sidant &hellip;<\/p>\n","protected":false},"author":9,"featured_media":24235,"comment_status":"open","ping_status":"closed","sticky":false,"template":"","format":"standard","meta":{"footnotes":""},"categories":[257],"tags":[],"class_list":["post-24234","post","type-post","status-publish","format-standard","has-post-thumbnail","hentry","category-culte"],"_links":{"self":[{"href":"https:\/\/letempsmag.ma\/index.php?rest_route=\/wp\/v2\/posts\/24234","targetHints":{"allow":["GET"]}}],"collection":[{"href":"https:\/\/letempsmag.ma\/index.php?rest_route=\/wp\/v2\/posts"}],"about":[{"href":"https:\/\/letempsmag.ma\/index.php?rest_route=\/wp\/v2\/types\/post"}],"author":[{"embeddable":true,"href":"https:\/\/letempsmag.ma\/index.php?rest_route=\/wp\/v2\/users\/9"}],"replies":[{"embeddable":true,"href":"https:\/\/letempsmag.ma\/index.php?rest_route=%2Fwp%2Fv2%2Fcomments&post=24234"}],"version-history":[{"count":1,"href":"https:\/\/letempsmag.ma\/index.php?rest_route=\/wp\/v2\/posts\/24234\/revisions"}],"predecessor-version":[{"id":24236,"href":"https:\/\/letempsmag.ma\/index.php?rest_route=\/wp\/v2\/posts\/24234\/revisions\/24236"}],"wp:featuredmedia":[{"embeddable":true,"href":"https:\/\/letempsmag.ma\/index.php?rest_route=\/wp\/v2\/media\/24235"}],"wp:attachment":[{"href":"https:\/\/letempsmag.ma\/index.php?rest_route=%2Fwp%2Fv2%2Fmedia&parent=24234"}],"wp:term":[{"taxonomy":"category","embeddable":true,"href":"https:\/\/letempsmag.ma\/index.php?rest_route=%2Fwp%2Fv2%2Fcategories&post=24234"},{"taxonomy":"post_tag","embeddable":true,"href":"https:\/\/letempsmag.ma\/index.php?rest_route=%2Fwp%2Fv2%2Ftags&post=24234"}],"curies":[{"name":"wp","href":"https:\/\/api.w.org\/{rel}","templated":true}]}}