{"id":24218,"date":"2023-07-27T14:09:21","date_gmt":"2023-07-27T13:09:21","guid":{"rendered":"https:\/\/letempsmag.ma\/?p=24218"},"modified":"2023-07-27T14:09:22","modified_gmt":"2023-07-27T13:09:22","slug":"deces-de-mohamed-sekkat-ancien-gouverneur-de-bank-al-maghrib","status":"publish","type":"post","link":"https:\/\/letempsmag.ma\/?p=24218","title":{"rendered":"D\u00e9c\u00e8s de Mohamed Sekkat, ancien Gouverneur de Bank Al-Maghrib"},"content":{"rendered":"\n<p>L&#8217;ancien Gouverneur de Bank Al-Maghrib, Mohamed Sekkat, est d\u00e9c\u00e9d\u00e9 hier mercredi \u00e0 Rabat, \u00e0 l&#8217;\u00e2ge de 81 ans, a-t-on appris aupr\u00e8s de sa famille.<\/p>\n\n\n\n<p>N\u00e9 le 7 juillet 1942 \u00e0 F\u00e8s, Mohamed Sekkat a int\u00e9gr\u00e9 le minist\u00e8re des Finances en 1966. En 1970, il devient Sous-Directeur puis Directeur du Budget. En 1983, il est nomm\u00e9 Directeur G\u00e9n\u00e9ral des Douanes et de la Fiscalit\u00e9 indirecte. De 1986 \u00e0 1989, il est Secr\u00e9taire d\u2019\u00c9tat aux Affaires \u00e9trang\u00e8res charg\u00e9 des Relations avec la Communaut\u00e9 \u00c9conomique Europ\u00e9enne (ex-CEE). En septembre 1989, il est nomm\u00e9 Gouverneur de Bank Al-Maghrib dans le contexte du plan d\u2019ajustement structurel. Il contribue, \u00e0 ce titre, notamment \u00e0 l&#8217;avancement du chantier des r\u00e9formes financi\u00e8res, \u00e0 la r\u00e9forme des statuts de la Banque Centrale et \u00e0 l&#8217;\u00e9laboration de la nouvelle Loi bancaire.<\/p>\n","protected":false},"excerpt":{"rendered":"<p>L&#8217;ancien Gouverneur de Bank Al-Maghrib, Mohamed Sekkat, est d\u00e9c\u00e9d\u00e9 hier mercredi \u00e0 Rabat, \u00e0 l&#8217;\u00e2ge de 81 ans, a-t-on appris aupr\u00e8s de sa famille. N\u00e9 le 7 juillet 1942 \u00e0 F\u00e8s, Mohamed Sekkat a int\u00e9gr\u00e9 le minist\u00e8re des Finances en 1966. En 1970, il devient Sous-Directeur puis Directeur du Budget. En 1983, il est nomm\u00e9 &hellip;<\/p>\n","protected":false},"author":9,"featured_media":24219,"comment_status":"open","ping_status":"closed","sticky":false,"template":"","format":"standard","meta":{"footnotes":""},"categories":[75],"tags":[],"class_list":["post-24218","post","type-post","status-publish","format-standard","has-post-thumbnail","hentry","category-necrologie"],"_links":{"self":[{"href":"https:\/\/letempsmag.ma\/index.php?rest_route=\/wp\/v2\/posts\/24218","targetHints":{"allow":["GET"]}}],"collection":[{"href":"https:\/\/letempsmag.ma\/index.php?rest_route=\/wp\/v2\/posts"}],"about":[{"href":"https:\/\/letempsmag.ma\/index.php?rest_route=\/wp\/v2\/types\/post"}],"author":[{"embeddable":true,"href":"https:\/\/letempsmag.ma\/index.php?rest_route=\/wp\/v2\/users\/9"}],"replies":[{"embeddable":true,"href":"https:\/\/letempsmag.ma\/index.php?rest_route=%2Fwp%2Fv2%2Fcomments&post=24218"}],"version-history":[{"count":1,"href":"https:\/\/letempsmag.ma\/index.php?rest_route=\/wp\/v2\/posts\/24218\/revisions"}],"predecessor-version":[{"id":24220,"href":"https:\/\/letempsmag.ma\/index.php?rest_route=\/wp\/v2\/posts\/24218\/revisions\/24220"}],"wp:featuredmedia":[{"embeddable":true,"href":"https:\/\/letempsmag.ma\/index.php?rest_route=\/wp\/v2\/media\/24219"}],"wp:attachment":[{"href":"https:\/\/letempsmag.ma\/index.php?rest_route=%2Fwp%2Fv2%2Fmedia&parent=24218"}],"wp:term":[{"taxonomy":"category","embeddable":true,"href":"https:\/\/letempsmag.ma\/index.php?rest_route=%2Fwp%2Fv2%2Fcategories&post=24218"},{"taxonomy":"post_tag","embeddable":true,"href":"https:\/\/letempsmag.ma\/index.php?rest_route=%2Fwp%2Fv2%2Ftags&post=24218"}],"curies":[{"name":"wp","href":"https:\/\/api.w.org\/{rel}","templated":true}]}}