{"id":24209,"date":"2023-07-27T14:07:27","date_gmt":"2023-07-27T13:07:27","guid":{"rendered":"https:\/\/letempsmag.ma\/?p=24209"},"modified":"2023-07-27T14:07:28","modified_gmt":"2023-07-27T13:07:28","slug":"le-festival-des-plages-de-maroc-telecom-fait-monter-la-temperature","status":"publish","type":"post","link":"https:\/\/letempsmag.ma\/?p=24209","title":{"rendered":"Le Festival des Plages de Maroc Telecom fait monter la temp\u00e9rature"},"content":{"rendered":"\n<p>La 19<sup>\u00e8me<\/sup> \u00e9dition du Festival des Plages de Maroc Telecom se poursuit \u00e0 M\u2019Diq et Al Hoceima dans une ambiance des plus conviviales et des plus festives. La perle du D\u00e9troit, Tanger, rejoint en effet les festivit\u00e9s \u00e0 partir de demain 28 juillet, avec un premier week-end charg\u00e9 en \u00e9motion marqu\u00e9, demain, par un concert du groupe Chamal Ayta Jablya et Muslim. Le samedi 29 juillet&nbsp;: Orchestre Noujoum Chamal et Aminux. Le dimanche&nbsp;30 juillet&nbsp;: Orchestre Fanawin, Saida Charaf et Zakaria Ghafouli.<\/p>\n\n\n\n<p>\u00c0 l\u2019approche de la F\u00eate du Tr\u00f4ne, les diff\u00e9rentes sc\u00e8nes de M\u2019Diq, Al Hoceima et Tanger se pr\u00e9parent ainsi \u00e0 accueillir un public encore plus important et de grands noms de la musique marocaine, pour c\u00e9l\u00e9brer cette date embl\u00e9matique de l\u2019histoire du Royaume.<\/p>\n\n\n\n<p>Le grand public aura ensuite rendez-vous le lundi 31 juillet avec le groupe Fnaire, l\u2019Artiste et Mahdi Fadili (\u00e0 M\u2019Diq) puis avec Mounir Mayour (\u00e0 Al Hoceima).<\/p>\n","protected":false},"excerpt":{"rendered":"<p>La 19\u00e8me \u00e9dition du Festival des Plages de Maroc Telecom se poursuit \u00e0 M\u2019Diq et Al Hoceima dans une ambiance des plus conviviales et des plus festives. La perle du D\u00e9troit, Tanger, rejoint en effet les festivit\u00e9s \u00e0 partir de demain 28 juillet, avec un premier week-end charg\u00e9 en \u00e9motion marqu\u00e9, demain, par un concert &hellip;<\/p>\n","protected":false},"author":9,"featured_media":24210,"comment_status":"open","ping_status":"closed","sticky":false,"template":"","format":"standard","meta":{"footnotes":""},"categories":[797],"tags":[],"class_list":["post-24209","post","type-post","status-publish","format-standard","has-post-thumbnail","hentry","category-animation-estivale"],"_links":{"self":[{"href":"https:\/\/letempsmag.ma\/index.php?rest_route=\/wp\/v2\/posts\/24209","targetHints":{"allow":["GET"]}}],"collection":[{"href":"https:\/\/letempsmag.ma\/index.php?rest_route=\/wp\/v2\/posts"}],"about":[{"href":"https:\/\/letempsmag.ma\/index.php?rest_route=\/wp\/v2\/types\/post"}],"author":[{"embeddable":true,"href":"https:\/\/letempsmag.ma\/index.php?rest_route=\/wp\/v2\/users\/9"}],"replies":[{"embeddable":true,"href":"https:\/\/letempsmag.ma\/index.php?rest_route=%2Fwp%2Fv2%2Fcomments&post=24209"}],"version-history":[{"count":1,"href":"https:\/\/letempsmag.ma\/index.php?rest_route=\/wp\/v2\/posts\/24209\/revisions"}],"predecessor-version":[{"id":24211,"href":"https:\/\/letempsmag.ma\/index.php?rest_route=\/wp\/v2\/posts\/24209\/revisions\/24211"}],"wp:featuredmedia":[{"embeddable":true,"href":"https:\/\/letempsmag.ma\/index.php?rest_route=\/wp\/v2\/media\/24210"}],"wp:attachment":[{"href":"https:\/\/letempsmag.ma\/index.php?rest_route=%2Fwp%2Fv2%2Fmedia&parent=24209"}],"wp:term":[{"taxonomy":"category","embeddable":true,"href":"https:\/\/letempsmag.ma\/index.php?rest_route=%2Fwp%2Fv2%2Fcategories&post=24209"},{"taxonomy":"post_tag","embeddable":true,"href":"https:\/\/letempsmag.ma\/index.php?rest_route=%2Fwp%2Fv2%2Ftags&post=24209"}],"curies":[{"name":"wp","href":"https:\/\/api.w.org\/{rel}","templated":true}]}}