{"id":24125,"date":"2023-07-21T10:45:33","date_gmt":"2023-07-21T09:45:33","guid":{"rendered":"https:\/\/letempsmag.ma\/?p=24125"},"modified":"2023-07-21T10:45:34","modified_gmt":"2023-07-21T09:45:34","slug":"des-harragas-senegalais-meurent-dans-le-chavirement-dun-bateau-au-large-du-maroc","status":"publish","type":"post","link":"https:\/\/letempsmag.ma\/?p=24125","title":{"rendered":"Des \u00abharragas\u00bb s\u00e9n\u00e9galais meurent dans le chavirement d&#8217;un bateau au large du Maroc"},"content":{"rendered":"\n<p>Au moins 13 migrants s\u00e9n\u00e9galais de la m\u00eame ville sont morts dans le naufrage de leur bateau au large du Maroc, en fin de semaine derni\u00e8re, a d\u00e9clar\u00e9 Oumar Ciss\u00e9, Maire de la ville de Rufisque, pr\u00e8s de la capitale Dakar.<\/p>\n\n\n\n<p>La nouvelle survient au milieu d&#8217;une attention accrue sur la route migratoire de l&#8217;Atlantique, de la c\u00f4te de l&#8217;Afrique de l&#8217;Ouest aux \u00eeles Canaries, apr\u00e8s que plusieurs bateaux y aient coul\u00e9 ou disparu, ces derni\u00e8res semaines. Le Maire de Rufisque a dit avoir parl\u00e9 \u00e0 des survivants qui lui ont rapport\u00e9 qu&#8217;un total de 18 personnes \u00e9taient mortes. Les rescap\u00e9s ont \u00e9t\u00e9 pris en charge par la Commune de Dakhla.<\/p>\n\n\n\n<p>Oumar Ciss\u00e9 a ajout\u00e9 par ailleurs que sa mairie travaille avec les autorit\u00e9s marocaines pour rapatrier les survivants. Mardi dernier, la Marine Royale a d\u00e9clar\u00e9 avoir secouru pr\u00e8s de 900 migrants en situation irr\u00e9guli\u00e8re, dont 400 dans ses eaux territoriales, en une semaine en ce mois de juillet, dont la plupart venaient d&#8217;Afrique subsaharienne.<\/p>\n\n\n\n<p><strong>C. A.<\/strong><\/p>\n","protected":false},"excerpt":{"rendered":"<p>Au moins 13 migrants s\u00e9n\u00e9galais de la m\u00eame ville sont morts dans le naufrage de leur bateau au large du Maroc, en fin de semaine derni\u00e8re, a d\u00e9clar\u00e9 Oumar Ciss\u00e9, Maire de la ville de Rufisque, pr\u00e8s de la capitale Dakar. La nouvelle survient au milieu d&#8217;une attention accrue sur la route migratoire de l&#8217;Atlantique, &hellip;<\/p>\n","protected":false},"author":9,"featured_media":24126,"comment_status":"open","ping_status":"closed","sticky":false,"template":"","format":"standard","meta":{"footnotes":""},"categories":[1109],"tags":[],"class_list":["post-24125","post","type-post","status-publish","format-standard","has-post-thumbnail","hentry","category-drame-migratoire"],"_links":{"self":[{"href":"https:\/\/letempsmag.ma\/index.php?rest_route=\/wp\/v2\/posts\/24125","targetHints":{"allow":["GET"]}}],"collection":[{"href":"https:\/\/letempsmag.ma\/index.php?rest_route=\/wp\/v2\/posts"}],"about":[{"href":"https:\/\/letempsmag.ma\/index.php?rest_route=\/wp\/v2\/types\/post"}],"author":[{"embeddable":true,"href":"https:\/\/letempsmag.ma\/index.php?rest_route=\/wp\/v2\/users\/9"}],"replies":[{"embeddable":true,"href":"https:\/\/letempsmag.ma\/index.php?rest_route=%2Fwp%2Fv2%2Fcomments&post=24125"}],"version-history":[{"count":1,"href":"https:\/\/letempsmag.ma\/index.php?rest_route=\/wp\/v2\/posts\/24125\/revisions"}],"predecessor-version":[{"id":24127,"href":"https:\/\/letempsmag.ma\/index.php?rest_route=\/wp\/v2\/posts\/24125\/revisions\/24127"}],"wp:featuredmedia":[{"embeddable":true,"href":"https:\/\/letempsmag.ma\/index.php?rest_route=\/wp\/v2\/media\/24126"}],"wp:attachment":[{"href":"https:\/\/letempsmag.ma\/index.php?rest_route=%2Fwp%2Fv2%2Fmedia&parent=24125"}],"wp:term":[{"taxonomy":"category","embeddable":true,"href":"https:\/\/letempsmag.ma\/index.php?rest_route=%2Fwp%2Fv2%2Fcategories&post=24125"},{"taxonomy":"post_tag","embeddable":true,"href":"https:\/\/letempsmag.ma\/index.php?rest_route=%2Fwp%2Fv2%2Ftags&post=24125"}],"curies":[{"name":"wp","href":"https:\/\/api.w.org\/{rel}","templated":true}]}}