{"id":24113,"date":"2023-07-21T10:42:40","date_gmt":"2023-07-21T09:42:40","guid":{"rendered":"https:\/\/letempsmag.ma\/?p=24113"},"modified":"2023-07-21T10:42:41","modified_gmt":"2023-07-21T09:42:41","slug":"la-maison-de-lartisan-dresse-son-bilan-a-fin-mai-2023","status":"publish","type":"post","link":"https:\/\/letempsmag.ma\/?p=24113","title":{"rendered":"La Maison de l\u2019Artisan dresse son bilan \u00e0 fin mai 2023"},"content":{"rendered":"\n<p>La Maison de l\u2019Artisan a tenu son Conseil d\u2019administration, mardi dernier, sous la pr\u00e9sidence de Fatim-Zahra Ammor, Ministre du Tourisme, de l\u2019Artisanat et de l\u2019\u00c9conomie sociale et solidaire.<\/p>\n\n\n\n<p>La Ministre s\u2019est d\u2019embl\u00e9e f\u00e9licit\u00e9e des performances r\u00e9alis\u00e9es par le secteur au titre des cinq premiers mois de 2023. Les exportations des produits de l\u2019artisanat national ont en effet totalis\u00e9, \u00e0 fin mai dernier, 514 millions de DH, soit une \u00e9volution de 18% par rapport \u00e0 la m\u00eame p\u00e9riode de 2022, et de 35% par rapport \u00e0 2019 (ann\u00e9e de r\u00e9f\u00e9rence pr\u00e9-\u00abCovid\u00bb). Dans ce contexte, il est important de rappeler que ces exportations ont doubl\u00e9 entre 2016 et 2022 et ont atteint un record de 1 milliard de DH en 2022.<\/p>\n\n\n\n<p>\u00abEn 2022 et 2023, nous avons cibl\u00e9 14 march\u00e9s internationaux \u00e0 travers des actions offensives de promotion et de commercialisation qui ont permis de signer des partenariats strat\u00e9giques, de renforcer la notori\u00e9t\u00e9 du Morocco Handmade et de g\u00e9n\u00e9rer des impacts commerciaux importants pour les artisans ayant pris part \u00e0 ces op\u00e9rations. Notre objectif pour 2024 est d\u2019\u00e9tendre ces offensives \u00e0 de nouveaux march\u00e9s comme l\u2019Espagne, le Japon et les \u00c9tats-Unis. Parall\u00e8lement, nous continuons d\u2019avancer sur les solutions aux probl\u00e9matiques structurelles auxquelles font face les acteurs locaux. Les phases-pilotes des programmes d\u2019appui sont achev\u00e9es et nous lancerons prochainement et de mani\u00e8re effective ces programmes qui ont pour but d\u2019am\u00e9liorer significativement la comp\u00e9titivit\u00e9 des acteurs\u00bb a d\u00e9clar\u00e9 la Ministre de tutelle.<\/p>\n\n\n\n<p>Pour sa part, Tarik Sadik, Directeur G\u00e9n\u00e9ral de la Maison de l&#8217;Artisan, est revenu sur les accomplissements majeurs de l&#8217;\u00e9tablissement au cours du premier semestre 2023. Ces r\u00e9alisations comprennent, entre autres, le d\u00e9ploiement du dispositif de veille strat\u00e9gique \u00abMarket Intelligence\u00bb ainsi que la mise en place du \u00abBarom\u00e8tre des Exportations de l&#8217;Artisanat Marocain\u00bb. Ces initiatives visent \u00e0 am\u00e9liorer la compr\u00e9hension de la demande et des march\u00e9s et \u00e0 identifier les principales tendances du secteur.<\/p>\n","protected":false},"excerpt":{"rendered":"<p>La Maison de l\u2019Artisan a tenu son Conseil d\u2019administration, mardi dernier, sous la pr\u00e9sidence de Fatim-Zahra Ammor, Ministre du Tourisme, de l\u2019Artisanat et de l\u2019\u00c9conomie sociale et solidaire. La Ministre s\u2019est d\u2019embl\u00e9e f\u00e9licit\u00e9e des performances r\u00e9alis\u00e9es par le secteur au titre des cinq premiers mois de 2023. Les exportations des produits de l\u2019artisanat national ont &hellip;<\/p>\n","protected":false},"author":9,"featured_media":24114,"comment_status":"open","ping_status":"closed","sticky":false,"template":"","format":"standard","meta":{"footnotes":""},"categories":[156],"tags":[],"class_list":["post-24113","post","type-post","status-publish","format-standard","has-post-thumbnail","hentry","category-artisanat"],"_links":{"self":[{"href":"https:\/\/letempsmag.ma\/index.php?rest_route=\/wp\/v2\/posts\/24113","targetHints":{"allow":["GET"]}}],"collection":[{"href":"https:\/\/letempsmag.ma\/index.php?rest_route=\/wp\/v2\/posts"}],"about":[{"href":"https:\/\/letempsmag.ma\/index.php?rest_route=\/wp\/v2\/types\/post"}],"author":[{"embeddable":true,"href":"https:\/\/letempsmag.ma\/index.php?rest_route=\/wp\/v2\/users\/9"}],"replies":[{"embeddable":true,"href":"https:\/\/letempsmag.ma\/index.php?rest_route=%2Fwp%2Fv2%2Fcomments&post=24113"}],"version-history":[{"count":1,"href":"https:\/\/letempsmag.ma\/index.php?rest_route=\/wp\/v2\/posts\/24113\/revisions"}],"predecessor-version":[{"id":24115,"href":"https:\/\/letempsmag.ma\/index.php?rest_route=\/wp\/v2\/posts\/24113\/revisions\/24115"}],"wp:featuredmedia":[{"embeddable":true,"href":"https:\/\/letempsmag.ma\/index.php?rest_route=\/wp\/v2\/media\/24114"}],"wp:attachment":[{"href":"https:\/\/letempsmag.ma\/index.php?rest_route=%2Fwp%2Fv2%2Fmedia&parent=24113"}],"wp:term":[{"taxonomy":"category","embeddable":true,"href":"https:\/\/letempsmag.ma\/index.php?rest_route=%2Fwp%2Fv2%2Fcategories&post=24113"},{"taxonomy":"post_tag","embeddable":true,"href":"https:\/\/letempsmag.ma\/index.php?rest_route=%2Fwp%2Fv2%2Ftags&post=24113"}],"curies":[{"name":"wp","href":"https:\/\/api.w.org\/{rel}","templated":true}]}}