{"id":24110,"date":"2023-07-20T09:23:10","date_gmt":"2023-07-20T08:23:10","guid":{"rendered":"https:\/\/letempsmag.ma\/?p=24110"},"modified":"2023-07-25T10:42:45","modified_gmt":"2023-07-25T09:42:45","slug":"le-souverain-salue-la-decision-disrael-reconnaissant-la-souverainete-du-royaume-sur-son-sahara","status":"publish","type":"post","link":"https:\/\/letempsmag.ma\/?p=24110","title":{"rendered":"Le Souverain salue la d\u00e9cision d\u2019Isra\u00ebl reconnaissant la souverainet\u00e9 du Royaume sur son Sahara"},"content":{"rendered":"\n<p>S.M. le Roi Mohammed VI a adress\u00e9 un message au Premier Ministre de l&#8217;\u00c9tat d&#8217;Isra\u00ebl, M. Benyamin Netanyahu, dans laquelle le Souverain affirme que la d\u00e9cision \u00abimportante\u00bb de l\u2019\u00c9tat d\u2019Isra\u00ebl de reconna\u00eetre la souverainet\u00e9 du Royaume du Maroc sur son Sahara et de consid\u00e9rer favorablement l\u2019ouverture d\u2019un Consulat dans la ville de Dakhla est \u00ab\u00e0 la fois, juste et clairvoyante\u00bb.<\/p>\n\n\n\n<p>\u00abMonsieur le Premier Ministre, Je voudrais vous exprimer Mes vifs remerciements et Ma grande appr\u00e9ciation pour Votre lettre, par laquelle Vous M\u2019avez fait part de la d\u00e9cision de l\u2019\u00c9tat d\u2019Isra\u00ebl de reconna\u00eetre la souverainet\u00e9 du Royaume du Maroc sur son Sahara et de consid\u00e9rer favorablement l\u2019ouverture d\u2019un Consulat dans la ville de Dakhla\u00bb, souligne le Souverain dans ce message, pr\u00e9cisant que cette d\u00e9cision \u00aba \u00e9t\u00e9 hautement salu\u00e9e par le peuple marocain et ses forces vives\u00bb.<\/p>\n\n\n\n<p>S.M. le Roi indique que la question du Sahara marocain est \u00abla Cause nationale du Royaume et la priorit\u00e9 de sa politique \u00e9trang\u00e8re\u00bb, ajoutant que \u00abla d\u00e9cision importante que Vous avez prise est, \u00e0 la fois, juste et clairvoyante\u00bb, pr\u00e9cisant aussi qu\u2019\u00abElle est juste en ce qu\u2019elle conforte le Maroc dans ses titres juridiques authentiques et ses droits historiques irr\u00e9fragables sur ses Provinces Sahariennes\u00bb, note le Souverain. \u00abLa juridiction effective de l\u2019\u00c9tat marocain et les liens juridiques d\u2019all\u00e9geance qui ont toujours exist\u00e9, depuis des temps imm\u00e9moriaux, entre les Rois du Maroc et les populations marocaines de ces terres ch\u00e8res \u00e0 Leurs c\u0153urs, sont av\u00e9r\u00e9s et incontestables\u00bb, pr\u00e9cise le Souverain.<\/p>\n\n\n\n<p>\u00abVotre d\u00e9cision est \u00e9galement clairvoyante car elle s\u2019inscrit dans la dynamique internationale irr\u00e9versible qui voit de nombreux pays, de toutes les r\u00e9gions du monde, favoriser une solution politique d\u00e9finitive \u00e0 ce diff\u00e9rend r\u00e9gional anachronique, sur la base de l\u2019initiative marocaine d\u2019autonomie pour la r\u00e9gion du Sahara et dans le cadre de la souverainet\u00e9 et de l\u2019int\u00e9grit\u00e9 territoriale du Royaume\u00bb, poursuit S.M. le Roi.<\/p>\n\n\n\n<p>Le Souverain a, par ailleurs, rappel\u00e9 que depuis d\u00e9cembre 2020, les relations bilat\u00e9rales entre le Royaume du Maroc et l\u2019\u00c9tat d\u2019Isra\u00ebl n\u2019ont eu de cesse de se raffermir, dans tous les domaines. \u00abLe moment qu\u2019elles connaissent est in\u00e9dit, tant en termes d\u2019\u00e9changes de visites des responsables officiels et des hommes d\u2019affaires, qu\u2019en termes de d\u00e9veloppement du cadre conventionnel, de diversification de la coop\u00e9ration et de renforcement des \u00e9changes commerciaux\u00bb, rel\u00e8ve S.M. le Roi, se r\u00e9jouissant que les liens humains profonds qui existent entre le Royaume du Maroc et l&#8217;\u00c9tat d&#8217;Isra\u00ebl, notamment \u00e0 travers la communaut\u00e9 juive originaire du Maroc, jouent un r\u00f4le de catalyseur.<\/p>\n\n\n\n<p>Le Souverain s&#8217;est dit confiant que la position claire prise par M. Netanyahu, au nom de l\u2019\u00c9tat d\u2019Isra\u00ebl, au sujet de la marocanit\u00e9 du Sahara \u00abest de nature \u00e0 renforcer davantage les liens entre le Maroc et Isra\u00ebl\u00bb, l&#8217;assurant de son engagement ferme et constant.<\/p>\n\n\n\n<p>\u00abComme Je Vous ai indiqu\u00e9 lors de notre entretien t\u00e9l\u00e9phonique du 25 d\u00e9cembre 2020, Vous \u00eates le bienvenu pour effectuer une visite au Maroc, \u00e0 des dates \u00e0 Notre meilleure convenance mutuelle, \u00e0 d\u00e9finir par la voie diplomatique\u00bb, souligne le Souverain dans son message. Dans ce cadre, S.M. le Roi affirme que cette rencontre \u00abpermettra d\u2019ouvrir de nouvelles possibilit\u00e9s pour les relations bilat\u00e9rales entre le Maroc et Isra\u00ebl\u00bb et \u00absera aussi une occasion pour promouvoir les perspectives de la paix pour tous les peuples de la r\u00e9gion, ayant \u00e0 l\u2019esprit le contenu de la D\u00e9claration tripartie sign\u00e9e le 22 d\u00e9cembre 2020 entre le Royaume du Maroc, les \u00c9tats-Unis d\u2019Am\u00e9rique et l\u2019\u00c9tat d\u2019Isra\u00ebl, y compris en ce qui concerne les principes devant guider la r\u00e9solution du conflit isra\u00e9lo-palestinien\u00bb. (Source\u00a0: MAP).<\/p>\n","protected":false},"excerpt":{"rendered":"<p>S.M. le Roi Mohammed VI a adress\u00e9 un message au Premier Ministre de l&#8217;\u00c9tat d&#8217;Isra\u00ebl, M. Benyamin Netanyahu, dans laquelle le Souverain affirme que la d\u00e9cision \u00abimportante\u00bb de l\u2019\u00c9tat d\u2019Isra\u00ebl de reconna\u00eetre la souverainet\u00e9 du Royaume du Maroc sur son Sahara et de consid\u00e9rer favorablement l\u2019ouverture d\u2019un Consulat dans la ville de Dakhla est \u00ab\u00e0 &hellip;<\/p>\n","protected":false},"author":9,"featured_media":24111,"comment_status":"open","ping_status":"closed","sticky":false,"template":"","format":"standard","meta":{"footnotes":""},"categories":[68],"tags":[],"class_list":["post-24110","post","type-post","status-publish","format-standard","has-post-thumbnail","hentry","category-politique"],"_links":{"self":[{"href":"https:\/\/letempsmag.ma\/index.php?rest_route=\/wp\/v2\/posts\/24110","targetHints":{"allow":["GET"]}}],"collection":[{"href":"https:\/\/letempsmag.ma\/index.php?rest_route=\/wp\/v2\/posts"}],"about":[{"href":"https:\/\/letempsmag.ma\/index.php?rest_route=\/wp\/v2\/types\/post"}],"author":[{"embeddable":true,"href":"https:\/\/letempsmag.ma\/index.php?rest_route=\/wp\/v2\/users\/9"}],"replies":[{"embeddable":true,"href":"https:\/\/letempsmag.ma\/index.php?rest_route=%2Fwp%2Fv2%2Fcomments&post=24110"}],"version-history":[{"count":2,"href":"https:\/\/letempsmag.ma\/index.php?rest_route=\/wp\/v2\/posts\/24110\/revisions"}],"predecessor-version":[{"id":24183,"href":"https:\/\/letempsmag.ma\/index.php?rest_route=\/wp\/v2\/posts\/24110\/revisions\/24183"}],"wp:featuredmedia":[{"embeddable":true,"href":"https:\/\/letempsmag.ma\/index.php?rest_route=\/wp\/v2\/media\/24111"}],"wp:attachment":[{"href":"https:\/\/letempsmag.ma\/index.php?rest_route=%2Fwp%2Fv2%2Fmedia&parent=24110"}],"wp:term":[{"taxonomy":"category","embeddable":true,"href":"https:\/\/letempsmag.ma\/index.php?rest_route=%2Fwp%2Fv2%2Fcategories&post=24110"},{"taxonomy":"post_tag","embeddable":true,"href":"https:\/\/letempsmag.ma\/index.php?rest_route=%2Fwp%2Fv2%2Ftags&post=24110"}],"curies":[{"name":"wp","href":"https:\/\/api.w.org\/{rel}","templated":true}]}}