{"id":23952,"date":"2023-07-12T14:00:13","date_gmt":"2023-07-12T13:00:13","guid":{"rendered":"https:\/\/letempsmag.ma\/?p=23952"},"modified":"2023-07-12T14:00:14","modified_gmt":"2023-07-12T13:00:14","slug":"les-operateurs-telecoms-tenus-didentifier-les-souscripteurs-a-leurs-services-mobiles","status":"publish","type":"post","link":"https:\/\/letempsmag.ma\/?p=23952","title":{"rendered":"Les op\u00e9rateurs t\u00e9l\u00e9coms tenus d\u2019identifier les souscripteurs \u00e0 leurs services mobiles"},"content":{"rendered":"\n<p>La Ministre d\u00e9l\u00e9gu\u00e9e charg\u00e9e de la Transition num\u00e9rique et de la R\u00e9forme de l\u2019administration, Ghita Mezzour, a soulign\u00e9 hier mardi \u00e0 Rabat, que les exploitants de r\u00e9seaux publics de t\u00e9l\u00e9communications sont d\u00e9sormais tenus d\u2019identifier tout demandeur d\u00e9sirant souscrire un abonnement \u00e0 leurs services, affirmant qu\u2019il incombe au seul op\u00e9rateur t\u00e9l\u00e9coms d\u2019identifier les clients ayant achet\u00e9 une carte SIM aupr\u00e8s des distributeurs, revendeurs ou agents commerciaux.<\/p>\n\n\n\n<p>\u00abToute personne physique ou morale peut b\u00e9n\u00e9ficier, \u00e0 sa demande, d\u2019un abonnement aux services offerts par les exploitants des r\u00e9seaux publics de t\u00e9l\u00e9communications\u00bb, conform\u00e9ment \u00e0 l\u2019Article 23 de la loi \u00ab24.96\u00bb relative \u00e0 la poste et aux t\u00e9l\u00e9communications telle qu\u2019elle a \u00e9t\u00e9 modifi\u00e9e et compl\u00e9t\u00e9e, a indiqu\u00e9 Ghita Mezzour qui r\u00e9pondait \u00e0 une question orale \u00e0 la Chambre des Conseillers sur les cartes SIM anonymes; question pos\u00e9e par le groupe istiqlalien de l\u2019Unit\u00e9 et de l\u2019\u00c9galitarisme.<\/p>\n\n\n\n<p>La Ministre d\u00e9l\u00e9gu\u00e9e a notamment relev\u00e9 que l\u2019Agence Nationale de R\u00e9glementation des T\u00e9l\u00e9communications (ANRT) a pris un ensemble de mesures pour faire face \u00e0 l\u2019\u00e9mergence de certaines pratiques li\u00e9es \u00e0 l\u2019utilisation et la distribution des cartes SIM non identifi\u00e9es, \u00e9voquant notamment la d\u00e9cision rendant obligatoire l\u2019identification par les op\u00e9rateurs des abonn\u00e9s \u00e0 leurs services mobiles. En vertu de cette d\u00e9cision, a insist\u00e9 la Ministre, les exploitants des r\u00e9seaux publics de t\u00e9l\u00e9communications sont tenus de mettre \u00e0 jour la base de donn\u00e9es de leurs abonn\u00e9s et la rendre plus fiable et cr\u00e9dible en faisant en sorte que chaque num\u00e9ro d\u2019abonn\u00e9 activ\u00e9 comporte les renseignements n\u00e9cessaires \u00e0 savoir le nom, le pr\u00e9nom, le num\u00e9ro de la carte nationale d\u2019identit\u00e9 (CNI) du client et la date de souscription du contrat.<\/p>\n\n\n\n<p>La Ministre a annonc\u00e9 qu\u2019un d\u00e9lai de trois mois a \u00e9t\u00e9 fix\u00e9 pour incorporer, dans la base de donn\u00e9es des cartes SIM, toutes les informations relatives \u00e0 l\u2019identit\u00e9 du souscripteur. \u00c0 d\u00e9faut, l\u2019op\u00e9rateur sera dans l\u2019obligation d\u2019annuler et de d\u00e9sactiver la carte SIM en question.<\/p>\n\n\n\n<p><strong>Y. E. H.<\/strong><\/p>\n","protected":false},"excerpt":{"rendered":"<p>La Ministre d\u00e9l\u00e9gu\u00e9e charg\u00e9e de la Transition num\u00e9rique et de la R\u00e9forme de l\u2019administration, Ghita Mezzour, a soulign\u00e9 hier mardi \u00e0 Rabat, que les exploitants de r\u00e9seaux publics de t\u00e9l\u00e9communications sont d\u00e9sormais tenus d\u2019identifier tout demandeur d\u00e9sirant souscrire un abonnement \u00e0 leurs services, affirmant qu\u2019il incombe au seul op\u00e9rateur t\u00e9l\u00e9coms d\u2019identifier les clients ayant achet\u00e9 &hellip;<\/p>\n","protected":false},"author":9,"featured_media":23953,"comment_status":"open","ping_status":"closed","sticky":false,"template":"","format":"standard","meta":{"footnotes":""},"categories":[414],"tags":[],"class_list":["post-23952","post","type-post","status-publish","format-standard","has-post-thumbnail","hentry","category-reseaux"],"_links":{"self":[{"href":"https:\/\/letempsmag.ma\/index.php?rest_route=\/wp\/v2\/posts\/23952","targetHints":{"allow":["GET"]}}],"collection":[{"href":"https:\/\/letempsmag.ma\/index.php?rest_route=\/wp\/v2\/posts"}],"about":[{"href":"https:\/\/letempsmag.ma\/index.php?rest_route=\/wp\/v2\/types\/post"}],"author":[{"embeddable":true,"href":"https:\/\/letempsmag.ma\/index.php?rest_route=\/wp\/v2\/users\/9"}],"replies":[{"embeddable":true,"href":"https:\/\/letempsmag.ma\/index.php?rest_route=%2Fwp%2Fv2%2Fcomments&post=23952"}],"version-history":[{"count":1,"href":"https:\/\/letempsmag.ma\/index.php?rest_route=\/wp\/v2\/posts\/23952\/revisions"}],"predecessor-version":[{"id":23954,"href":"https:\/\/letempsmag.ma\/index.php?rest_route=\/wp\/v2\/posts\/23952\/revisions\/23954"}],"wp:featuredmedia":[{"embeddable":true,"href":"https:\/\/letempsmag.ma\/index.php?rest_route=\/wp\/v2\/media\/23953"}],"wp:attachment":[{"href":"https:\/\/letempsmag.ma\/index.php?rest_route=%2Fwp%2Fv2%2Fmedia&parent=23952"}],"wp:term":[{"taxonomy":"category","embeddable":true,"href":"https:\/\/letempsmag.ma\/index.php?rest_route=%2Fwp%2Fv2%2Fcategories&post=23952"},{"taxonomy":"post_tag","embeddable":true,"href":"https:\/\/letempsmag.ma\/index.php?rest_route=%2Fwp%2Fv2%2Ftags&post=23952"}],"curies":[{"name":"wp","href":"https:\/\/api.w.org\/{rel}","templated":true}]}}