{"id":23949,"date":"2023-07-12T13:56:22","date_gmt":"2023-07-12T12:56:22","guid":{"rendered":"https:\/\/letempsmag.ma\/?p=23949"},"modified":"2023-07-12T13:56:23","modified_gmt":"2023-07-12T12:56:23","slug":"nespresso-definit-le-reve-californien-cet-ete","status":"publish","type":"post","link":"https:\/\/letempsmag.ma\/?p=23949","title":{"rendered":"Nespresso d\u00e9finit le \u00abR\u00eave Californien\u00bb cet \u00e9t\u00e9"},"content":{"rendered":"\n<p>Nespresso lance la saison du soleil et de la chaleur avec une exp\u00e9rience rafra\u00eechissante inspir\u00e9e du R\u00eave Californien. Avec une gamme de d\u00e9licieux caf\u00e9s con\u00e7us pour \u00eatre d\u00e9gust\u00e9s froids avec de la glace, des accessoires magnifiquement con\u00e7us et des recettes d\u00e9salt\u00e9rantes, il est temps pour les amoureux du caf\u00e9 de se plonger dans un \u00e9tat d&#8217;esprit californien, quelle que soit l&#8217;occasion. La collection rend hommage \u00e0 un style de vie tr\u00e8s artistique, expressif et actif, offrant aux consommateurs des moments d&#8217;\u00e9vasion o\u00f9 qu&#8217;ils soient. D\u00e9coulant de l\u2019envie de profiter de journ\u00e9es plus longues et plus chaudes en plein air, le R\u00eave Californien est le meilleur moyen de profiter de la saison et de s&#8217;embarquer pour un voyage d&#8217;exploration, en adoptant un rythme de vie plus lent et en appr\u00e9ciant les petits moments. Les rafra\u00eechissements cr\u00e9ent, en effet, des moments sereins de joie et de gourmandise, avec le go\u00fbt et la qualit\u00e9 sans pareil de Nespresso qui rayonnent \u00e0 travers eux.<\/p>\n\n\n\n<p>Au centre de la gamme originale, le caf\u00e9 aromatis\u00e9 \u00abCoconut Flavour Over Ice\u00bb, tr\u00e8s appr\u00e9ci\u00e9 des consommateurs, fait son grand retour cet \u00e9t\u00e9. En outre, les amateurs peuvent continuer \u00e0 d\u00e9guster \u00abFreddo Delicato\u00bb et \u00abFreddo Intenso\u00bb qui font partie de la gamme \u00abBarista Creations for Ice\u00bb de Nespresso. En capturant les vibrations de l&#8217;\u00e9t\u00e9 dans un verre, les recettes cr\u00e9atives de Nespresso offrent aux adeptes du caf\u00e9 un savoureux remontant, que ce soit le matin, \u00e0 midi ou le soir.<\/p>\n\n\n\n<p>Une s\u00e9rie d&#8217;accessoires d&#8217;inspiration californienne compl\u00e8te la nouvelle collection, avec des designs accrocheurs qui en font des incontournables de la saison. Nouveaux dans la gamme, La gourde \u00abNomad Tumbler\u00bb, le bac \u00e0 gla\u00e7ons, les verres \u00e0 recettes et le mug de voyage \u00abNomad\u00bb sont parfaits pour les rituels de caf\u00e9 \u00e0 la maison ou en d\u00e9placement. Ceux qui souhaitent pr\u00e9parer ces d\u00e9licieuses recettes glac\u00e9es peuvent compter sur le shaker \u00abBarista\u00bb de Nespresso, disponible en \u00e9dition limit\u00e9e.<\/p>\n\n\n\n<p>Les amoureux du caf\u00e9 peuvent \u00e9galement pr\u00e9parer leur boisson avec style en utilisant les nouvelles machines attrayantes \u00abVertuo Pop\u00bb. La collection estivale Nespresso \u00abCalifornian Dream\u00bb a \u00e9t\u00e9 lanc\u00e9e en ligne et dans les boutiques Nespresso depuis le 3 juillet courant, mais sera disponible pour une dur\u00e9e limit\u00e9e.<\/p>\n","protected":false},"excerpt":{"rendered":"<p>Nespresso lance la saison du soleil et de la chaleur avec une exp\u00e9rience rafra\u00eechissante inspir\u00e9e du R\u00eave Californien. Avec une gamme de d\u00e9licieux caf\u00e9s con\u00e7us pour \u00eatre d\u00e9gust\u00e9s froids avec de la glace, des accessoires magnifiquement con\u00e7us et des recettes d\u00e9salt\u00e9rantes, il est temps pour les amoureux du caf\u00e9 de se plonger dans un \u00e9tat &hellip;<\/p>\n","protected":false},"author":9,"featured_media":23950,"comment_status":"open","ping_status":"closed","sticky":false,"template":"","format":"standard","meta":{"footnotes":""},"categories":[294],"tags":[],"class_list":["post-23949","post","type-post","status-publish","format-standard","has-post-thumbnail","hentry","category-cafe"],"_links":{"self":[{"href":"https:\/\/letempsmag.ma\/index.php?rest_route=\/wp\/v2\/posts\/23949","targetHints":{"allow":["GET"]}}],"collection":[{"href":"https:\/\/letempsmag.ma\/index.php?rest_route=\/wp\/v2\/posts"}],"about":[{"href":"https:\/\/letempsmag.ma\/index.php?rest_route=\/wp\/v2\/types\/post"}],"author":[{"embeddable":true,"href":"https:\/\/letempsmag.ma\/index.php?rest_route=\/wp\/v2\/users\/9"}],"replies":[{"embeddable":true,"href":"https:\/\/letempsmag.ma\/index.php?rest_route=%2Fwp%2Fv2%2Fcomments&post=23949"}],"version-history":[{"count":1,"href":"https:\/\/letempsmag.ma\/index.php?rest_route=\/wp\/v2\/posts\/23949\/revisions"}],"predecessor-version":[{"id":23951,"href":"https:\/\/letempsmag.ma\/index.php?rest_route=\/wp\/v2\/posts\/23949\/revisions\/23951"}],"wp:featuredmedia":[{"embeddable":true,"href":"https:\/\/letempsmag.ma\/index.php?rest_route=\/wp\/v2\/media\/23950"}],"wp:attachment":[{"href":"https:\/\/letempsmag.ma\/index.php?rest_route=%2Fwp%2Fv2%2Fmedia&parent=23949"}],"wp:term":[{"taxonomy":"category","embeddable":true,"href":"https:\/\/letempsmag.ma\/index.php?rest_route=%2Fwp%2Fv2%2Fcategories&post=23949"},{"taxonomy":"post_tag","embeddable":true,"href":"https:\/\/letempsmag.ma\/index.php?rest_route=%2Fwp%2Fv2%2Ftags&post=23949"}],"curies":[{"name":"wp","href":"https:\/\/api.w.org\/{rel}","templated":true}]}}