{"id":23937,"date":"2023-07-11T08:37:04","date_gmt":"2023-07-11T07:37:04","guid":{"rendered":"https:\/\/letempsmag.ma\/?p=23937"},"modified":"2023-07-11T08:37:05","modified_gmt":"2023-07-11T07:37:05","slug":"el-akademia-master-class-fera-vibrer-rabat-meknes-et-ifrane","status":"publish","type":"post","link":"https:\/\/letempsmag.ma\/?p=23937","title":{"rendered":"El Akademia Master Class fera vibrer Rabat, Mekn\u00e8s et Ifrane"},"content":{"rendered":"\n<p>La 7<sup>\u00e8me<\/sup> \u00e9dition d&#8217;El Akademia Master Class sera organis\u00e9e au Maroc du 12 au 25 juillet courant. Il s\u2019agit d\u2019un programme intensif de coaching individuel et de groupe dispens\u00e9 \u00e0 de jeunes talents marocains par des musiciens chevronn\u00e9s de grands orchestres internationaux, dans les villes de Rabat, Mekn\u00e8s et Ifrane.<\/p>\n\n\n\n<p>Dans un communiqu\u00e9, les organisateurs annoncent que l\u2019\u00e9v\u00e9nement se tiendra d&#8217;abord en R\u00e9sidence \u00e0 l&#8217;Acad\u00e9mie du Royaume du Maroc, \u00e0 Rabat, puis \u00e0 Mekn\u00e8s et \u00e0 Ifrane \u00e0 partir du 21 juillet.<\/p>\n\n\n\n<p>Fond\u00e9e en 2017 par l\u2019artiste virtuose franco-marocaine Monia Rizkallah (photo), premi\u00e8re Cheffe d\u2019Attaque \u00e0 l\u2019Op\u00e9ra de Berlin, El Akademia Master Class est le maillon novateur entre l\u2019apprentissage acad\u00e9mique des conservatoires de musique marocains et le perfectionnement indispensable pour int\u00e9grer des orchestres professionnels.<\/p>\n\n\n\n<p>Cette \u00e9dition 2023 est plac\u00e9e sous la pr\u00e9sidence d&#8217;honneur de S.A.R. la Princesse Lalla Meryem et b\u00e9n\u00e9ficie du soutien de plusieurs partenaires. Elle r\u00e9unira une quarantaine de jeunes musiciens, dont une vingtaine de militaires de la Garde Royale, de la Gendarmerie Royale et des Forces Royales Air, qui se produiront dans un concert de Musique de Chambre, le 17 juillet \u00e0 K\u00e9nitra, le 18 juillet \u00e0 l\u2019Acad\u00e9mie du Royaume \u00e0 Rabat et dans trois grands concerts de l\u2019Orchestre National des Jeunes du Maroc (ONJM), indique le communiqu\u00e9 qui pr\u00e9cise que ces concerts seront gratuits et se d\u00e9rouleront le 20 juillet au Th\u00e9\u00e2tre National Mohammed V \u00e0 Rabat, le 22 juillet en plein air \u00e0 Mekn\u00e8s et le 24 juillet \u00e9galement en plein air \u00e0 Ifrane. Il est \u00e0 noter que les \u00e9tudiants et coachs se produiront aussi dans des d\u00e9ambulations dans les rues d&#8217;Ifrane, le 23 juillet.<\/p>\n\n\n\n<p>Les organisateurs soulignent par ailleurs que \u00abDans un but affich\u00e9 de communion intercommunautaire et pour promouvoir l\u2019entente entre les peuples, El Akademia Master Class accueillera en 2023 de nombreuses nationalit\u00e9s et les concerts vont s\u2019enrichir des musiques de diff\u00e9rentes origine\u00bb, indiquant que \u00abDe Berlin \u00e0 Rabat en passant par l\u2019Italie, le Venezuela, la Turquie et les USA, les religions, les pays et les villes se m\u00ealeront \u00e0 travers les musiques pr\u00e9sent\u00e9es et leurs interpr\u00e8tes. Un signe d\u2019ouverture qui t\u00e9moigne que le dialogue en musique est possible et, m\u00eame, que la musique va bien au-del\u00e0 du pouvoir des mots\u00bb.<\/p>\n\n\n\n<p><strong>L. F.<\/strong><\/p>\n","protected":false},"excerpt":{"rendered":"<p>La 7\u00e8me \u00e9dition d&#8217;El Akademia Master Class sera organis\u00e9e au Maroc du 12 au 25 juillet courant. Il s\u2019agit d\u2019un programme intensif de coaching individuel et de groupe dispens\u00e9 \u00e0 de jeunes talents marocains par des musiciens chevronn\u00e9s de grands orchestres internationaux, dans les villes de Rabat, Mekn\u00e8s et Ifrane. Dans un communiqu\u00e9, les organisateurs &hellip;<\/p>\n","protected":false},"author":9,"featured_media":23938,"comment_status":"open","ping_status":"closed","sticky":false,"template":"","format":"standard","meta":{"footnotes":""},"categories":[657],"tags":[],"class_list":["post-23937","post","type-post","status-publish","format-standard","has-post-thumbnail","hentry","category-grande-musique"],"_links":{"self":[{"href":"https:\/\/letempsmag.ma\/index.php?rest_route=\/wp\/v2\/posts\/23937","targetHints":{"allow":["GET"]}}],"collection":[{"href":"https:\/\/letempsmag.ma\/index.php?rest_route=\/wp\/v2\/posts"}],"about":[{"href":"https:\/\/letempsmag.ma\/index.php?rest_route=\/wp\/v2\/types\/post"}],"author":[{"embeddable":true,"href":"https:\/\/letempsmag.ma\/index.php?rest_route=\/wp\/v2\/users\/9"}],"replies":[{"embeddable":true,"href":"https:\/\/letempsmag.ma\/index.php?rest_route=%2Fwp%2Fv2%2Fcomments&post=23937"}],"version-history":[{"count":1,"href":"https:\/\/letempsmag.ma\/index.php?rest_route=\/wp\/v2\/posts\/23937\/revisions"}],"predecessor-version":[{"id":23939,"href":"https:\/\/letempsmag.ma\/index.php?rest_route=\/wp\/v2\/posts\/23937\/revisions\/23939"}],"wp:featuredmedia":[{"embeddable":true,"href":"https:\/\/letempsmag.ma\/index.php?rest_route=\/wp\/v2\/media\/23938"}],"wp:attachment":[{"href":"https:\/\/letempsmag.ma\/index.php?rest_route=%2Fwp%2Fv2%2Fmedia&parent=23937"}],"wp:term":[{"taxonomy":"category","embeddable":true,"href":"https:\/\/letempsmag.ma\/index.php?rest_route=%2Fwp%2Fv2%2Fcategories&post=23937"},{"taxonomy":"post_tag","embeddable":true,"href":"https:\/\/letempsmag.ma\/index.php?rest_route=%2Fwp%2Fv2%2Ftags&post=23937"}],"curies":[{"name":"wp","href":"https:\/\/api.w.org\/{rel}","templated":true}]}}