{"id":23828,"date":"2023-07-07T15:07:35","date_gmt":"2023-07-07T14:07:35","guid":{"rendered":"https:\/\/letempsmag.ma\/?p=23828"},"modified":"2023-07-07T15:07:36","modified_gmt":"2023-07-07T14:07:36","slug":"go-to-market-le-programme-qui-ambitionne-de-booster-les-entreprises-marocaines-a-linternational","status":"publish","type":"post","link":"https:\/\/letempsmag.ma\/?p=23828","title":{"rendered":"\u00abGo To Market\u00bb, le programme qui ambitionne de booster les entreprises marocaines \u00e0 l\u2019international"},"content":{"rendered":"\n<p>Le minist\u00e8re de l\u2019Industrie et du Commerce a organis\u00e9 hier \u00e0 Rabat une c\u00e9r\u00e9monie pour le lancement officiel du d\u00e9ploiement de la premi\u00e8re \u00e9dition du programme d\u2019appui \u00e0 l\u2019international \u00abGo To Market\u00bb d\u00e9di\u00e9 aux entreprises disposant d\u2019un potentiel \u00e0 l\u2019export et op\u00e9rant dans les secteurs de l\u2019industrie et des services.<\/p>\n\n\n\n<p>Men\u00e9 en partenariat avec le minist\u00e8re de l\u2019\u00c9conomie et des Finances, l\u2019Agence Marocaine de D\u00e9veloppement des Investissements et des Exportations (AMDIE) et l\u2019Association Marocaine des Exportateurs (ASMEX), ce programme vise \u00e0 appuyer la comp\u00e9titivit\u00e9 \u00e0 l\u2019international des entreprises et leur capacit\u00e9 \u00e0 faire face aux concurrents sur les march\u00e9s \u00e9trangers. Il a \u00e9galement pour objectif d\u2019encourager les entreprises \u00e0 exporter de nouveaux produits et \u00e0 se positionner dans des march\u00e9s nouveaux. Couvrant la p\u00e9riode 2023-2024, le programme cible les entreprises dont le chiffre d\u2019affaires annuel \u00e0 l\u2019export est sup\u00e9rieur \u00e0 10 millions de DH sur les deux derniers exercices.<\/p>\n\n\n\n<p>\u00abGo To Market\u00bb se veut un accompagnement sur mesure, suivant le profil de l\u2019entreprise et ses besoins sp\u00e9cifiques en mati\u00e8re de d\u00e9veloppement \u00e0 l\u2019international. Le montant de l\u2019appui financier de l\u2019\u00c9tat est attribu\u00e9 en fonction du potentiel et des ambitions strat\u00e9giques de l\u2019entreprise et de la solidit\u00e9 de son business plan \u00e0 l\u2019international, dans la limite de 2,5 millions de DH par entreprise.<\/p>\n\n\n\n<p>Au titre de cette premi\u00e8re \u00e9dition du programme, le minist\u00e8re a lanc\u00e9 un appel \u00e0 manifestation d\u2019int\u00e9r\u00eat \u00e0 l\u2019issu duquel 40 entreprises ont \u00e9t\u00e9 retenues. Les secteurs repr\u00e9sent\u00e9s sont le textile-habillement, l\u2019agroalimentaire, les industries m\u00e9tallurgiques, m\u00e9caniques et \u00e9lectrom\u00e9caniques, la chimie-parachimie, les industries pharmaceutiques, les pi\u00e8ces de rechange, les mat\u00e9riaux de construction, la plasturgie, l\u2019\u00e9lectrique-\u00e9lectronique et les services. Sept r\u00e9gions sont concern\u00e9es&nbsp;: Casablanca-Settat, Tanger-T\u00e9touan-Al Hoceima, Souss-Massa, Rabat-Sal\u00e9-K\u00e9nitra, F\u00e8s-Mekn\u00e8s, B\u00e9ni Mellal-Kh\u00e9nifra et Marrakech-Safi. Des contrats ont \u00e9t\u00e9 conclus entre le minist\u00e8re de l\u2019Industrie et du Commerce et les entreprises concern\u00e9es, fixant les engagements des diff\u00e9rentes parties.<\/p>\n","protected":false},"excerpt":{"rendered":"<p>Le minist\u00e8re de l\u2019Industrie et du Commerce a organis\u00e9 hier \u00e0 Rabat une c\u00e9r\u00e9monie pour le lancement officiel du d\u00e9ploiement de la premi\u00e8re \u00e9dition du programme d\u2019appui \u00e0 l\u2019international \u00abGo To Market\u00bb d\u00e9di\u00e9 aux entreprises disposant d\u2019un potentiel \u00e0 l\u2019export et op\u00e9rant dans les secteurs de l\u2019industrie et des services. Men\u00e9 en partenariat avec le &hellip;<\/p>\n","protected":false},"author":9,"featured_media":23829,"comment_status":"open","ping_status":"closed","sticky":false,"template":"","format":"standard","meta":{"footnotes":""},"categories":[158],"tags":[],"class_list":["post-23828","post","type-post","status-publish","format-standard","has-post-thumbnail","hentry","category-business"],"_links":{"self":[{"href":"https:\/\/letempsmag.ma\/index.php?rest_route=\/wp\/v2\/posts\/23828","targetHints":{"allow":["GET"]}}],"collection":[{"href":"https:\/\/letempsmag.ma\/index.php?rest_route=\/wp\/v2\/posts"}],"about":[{"href":"https:\/\/letempsmag.ma\/index.php?rest_route=\/wp\/v2\/types\/post"}],"author":[{"embeddable":true,"href":"https:\/\/letempsmag.ma\/index.php?rest_route=\/wp\/v2\/users\/9"}],"replies":[{"embeddable":true,"href":"https:\/\/letempsmag.ma\/index.php?rest_route=%2Fwp%2Fv2%2Fcomments&post=23828"}],"version-history":[{"count":1,"href":"https:\/\/letempsmag.ma\/index.php?rest_route=\/wp\/v2\/posts\/23828\/revisions"}],"predecessor-version":[{"id":23830,"href":"https:\/\/letempsmag.ma\/index.php?rest_route=\/wp\/v2\/posts\/23828\/revisions\/23830"}],"wp:featuredmedia":[{"embeddable":true,"href":"https:\/\/letempsmag.ma\/index.php?rest_route=\/wp\/v2\/media\/23829"}],"wp:attachment":[{"href":"https:\/\/letempsmag.ma\/index.php?rest_route=%2Fwp%2Fv2%2Fmedia&parent=23828"}],"wp:term":[{"taxonomy":"category","embeddable":true,"href":"https:\/\/letempsmag.ma\/index.php?rest_route=%2Fwp%2Fv2%2Fcategories&post=23828"},{"taxonomy":"post_tag","embeddable":true,"href":"https:\/\/letempsmag.ma\/index.php?rest_route=%2Fwp%2Fv2%2Ftags&post=23828"}],"curies":[{"name":"wp","href":"https:\/\/api.w.org\/{rel}","templated":true}]}}