{"id":23822,"date":"2023-07-06T13:04:13","date_gmt":"2023-07-06T12:04:13","guid":{"rendered":"https:\/\/letempsmag.ma\/?p=23822"},"modified":"2023-07-06T13:04:14","modified_gmt":"2023-07-06T12:04:14","slug":"le-maroc-condamne-loperation-militaire-israelienne-a-jenine","status":"publish","type":"post","link":"https:\/\/letempsmag.ma\/?p=23822","title":{"rendered":"Le Maroc condamne l&#8217;op\u00e9ration militaire isra\u00e9lienne \u00e0 J\u00e9nine"},"content":{"rendered":"\n<p>Le Maroc a condamn\u00e9 hier l\u2019attaque par les forces d\u2019occupation isra\u00e9liennes de la ville de J\u00e9nine, en Cisjordanie. Le Maroc a en effet exprim\u00e9 \u00absa condamnation et son rejet des multiples agressions isra\u00e9liennes contre la ville de J\u00e9nine, au nord de la Cisjordanie\u00bb. Cette offensive de Tsahal a fait 13 morts et 150 bless\u00e9s, tandis que plus de 120 personnes ont \u00e9t\u00e9 interpell\u00e9es. \u00abLes attaques contre les territoires palestiniens ne contribuent pas \u00e0 cr\u00e9er un environnement propice au dialogue et \u00e0 la paix dans la r\u00e9gion\u00bb, a d\u00e9clar\u00e9 le chef de la diplomatie marocaine, Nasser Bourita, lors d&#8217;une conf\u00e9rence de presse conjointe avec son homologue omanais Sayyid Badr Hamad Al-Busaidi \u00e0 l&#8217;issue de la 6<sup>\u00e8me<\/sup> session de la Commission mixte Maroc-Oman.<\/p>\n\n\n\n<p>Ce qui se passe en Cisjordanie pourrait \u00abmenacer tout espoir de paix restant au Moyen-Orient et attiser les flammes de l&#8217;extr\u00e9misme et de la violence dans la r\u00e9gion\u00bb, a averti Nasser Bourita, ajoutant qu&#8217;il n&#8217;y aura pas de paix r\u00e9gionale sans un r\u00e8glement juste et d\u00e9finitif du conflit palestinien. Pour sa part, Busaidi a soulign\u00e9 que \u00able Moyen-Orient ne peut jouir d&#8217;une stabilit\u00e9 durable sans une solution pacifique, juste et globale \u00e0 la question palestinienne\u00bb.<\/p>\n\n\n\n<p><strong>C. A.<\/strong><\/p>\n","protected":false},"excerpt":{"rendered":"<p>Le Maroc a condamn\u00e9 hier l\u2019attaque par les forces d\u2019occupation isra\u00e9liennes de la ville de J\u00e9nine, en Cisjordanie. Le Maroc a en effet exprim\u00e9 \u00absa condamnation et son rejet des multiples agressions isra\u00e9liennes contre la ville de J\u00e9nine, au nord de la Cisjordanie\u00bb. Cette offensive de Tsahal a fait 13 morts et 150 bless\u00e9s, tandis &hellip;<\/p>\n","protected":false},"author":9,"featured_media":23823,"comment_status":"open","ping_status":"closed","sticky":false,"template":"","format":"standard","meta":{"footnotes":""},"categories":[1096],"tags":[],"class_list":["post-23822","post","type-post","status-publish","format-standard","has-post-thumbnail","hentry","category-proche-orient"],"_links":{"self":[{"href":"https:\/\/letempsmag.ma\/index.php?rest_route=\/wp\/v2\/posts\/23822","targetHints":{"allow":["GET"]}}],"collection":[{"href":"https:\/\/letempsmag.ma\/index.php?rest_route=\/wp\/v2\/posts"}],"about":[{"href":"https:\/\/letempsmag.ma\/index.php?rest_route=\/wp\/v2\/types\/post"}],"author":[{"embeddable":true,"href":"https:\/\/letempsmag.ma\/index.php?rest_route=\/wp\/v2\/users\/9"}],"replies":[{"embeddable":true,"href":"https:\/\/letempsmag.ma\/index.php?rest_route=%2Fwp%2Fv2%2Fcomments&post=23822"}],"version-history":[{"count":1,"href":"https:\/\/letempsmag.ma\/index.php?rest_route=\/wp\/v2\/posts\/23822\/revisions"}],"predecessor-version":[{"id":23824,"href":"https:\/\/letempsmag.ma\/index.php?rest_route=\/wp\/v2\/posts\/23822\/revisions\/23824"}],"wp:featuredmedia":[{"embeddable":true,"href":"https:\/\/letempsmag.ma\/index.php?rest_route=\/wp\/v2\/media\/23823"}],"wp:attachment":[{"href":"https:\/\/letempsmag.ma\/index.php?rest_route=%2Fwp%2Fv2%2Fmedia&parent=23822"}],"wp:term":[{"taxonomy":"category","embeddable":true,"href":"https:\/\/letempsmag.ma\/index.php?rest_route=%2Fwp%2Fv2%2Fcategories&post=23822"},{"taxonomy":"post_tag","embeddable":true,"href":"https:\/\/letempsmag.ma\/index.php?rest_route=%2Fwp%2Fv2%2Ftags&post=23822"}],"curies":[{"name":"wp","href":"https:\/\/api.w.org\/{rel}","templated":true}]}}