{"id":23756,"date":"2023-06-28T07:57:18","date_gmt":"2023-06-28T06:57:18","guid":{"rendered":"https:\/\/letempsmag.ma\/?p=23756"},"modified":"2023-06-28T07:57:19","modified_gmt":"2023-06-28T06:57:19","slug":"aid-al-adha-moubarak","status":"publish","type":"post","link":"https:\/\/letempsmag.ma\/?p=23756","title":{"rendered":"A\u00efd Al-Adha Moubarak\u00a0!"},"content":{"rendered":"\n<p>\u00c0 l\u2019occasion de l\u2019A\u00efd Al-Adha, qui sera c\u00e9l\u00e9br\u00e9e au Maroc demain jeudi 28 juin, le site \u00abletempsmag.ma\u00bb et le magazine \u00abLe Temps\u00bb pr\u00e9sentent leurs v\u0153ux d\u00e9f\u00e9rents \u00e0 S.M. le Roi Mohammed VI, \u00e0 S.A.R. le Prince H\u00e9ritier Moulay El Hassan et \u00e0 l\u2019ensemble de l\u2019Auguste Famille Royale. Leurs v\u0153ux \u00e9galement \u00e0 toutes les Marocaines et tous les Marocains, qu\u2019ils soient au Royaume ou sur d\u2019autres continents.<\/p>\n","protected":false},"excerpt":{"rendered":"<p>\u00c0 l\u2019occasion de l\u2019A\u00efd Al-Adha, qui sera c\u00e9l\u00e9br\u00e9e au Maroc demain jeudi 28 juin, le site \u00abletempsmag.ma\u00bb et le magazine \u00abLe Temps\u00bb pr\u00e9sentent leurs v\u0153ux d\u00e9f\u00e9rents \u00e0 S.M. le Roi Mohammed VI, \u00e0 S.A.R. le Prince H\u00e9ritier Moulay El Hassan et \u00e0 l\u2019ensemble de l\u2019Auguste Famille Royale. Leurs v\u0153ux \u00e9galement \u00e0 toutes les Marocaines et &hellip;<\/p>\n","protected":false},"author":9,"featured_media":23757,"comment_status":"open","ping_status":"closed","sticky":false,"template":"","format":"standard","meta":{"footnotes":""},"categories":[629],"tags":[],"class_list":["post-23756","post","type-post","status-publish","format-standard","has-post-thumbnail","hentry","category-voeux-2"],"_links":{"self":[{"href":"https:\/\/letempsmag.ma\/index.php?rest_route=\/wp\/v2\/posts\/23756","targetHints":{"allow":["GET"]}}],"collection":[{"href":"https:\/\/letempsmag.ma\/index.php?rest_route=\/wp\/v2\/posts"}],"about":[{"href":"https:\/\/letempsmag.ma\/index.php?rest_route=\/wp\/v2\/types\/post"}],"author":[{"embeddable":true,"href":"https:\/\/letempsmag.ma\/index.php?rest_route=\/wp\/v2\/users\/9"}],"replies":[{"embeddable":true,"href":"https:\/\/letempsmag.ma\/index.php?rest_route=%2Fwp%2Fv2%2Fcomments&post=23756"}],"version-history":[{"count":1,"href":"https:\/\/letempsmag.ma\/index.php?rest_route=\/wp\/v2\/posts\/23756\/revisions"}],"predecessor-version":[{"id":23758,"href":"https:\/\/letempsmag.ma\/index.php?rest_route=\/wp\/v2\/posts\/23756\/revisions\/23758"}],"wp:featuredmedia":[{"embeddable":true,"href":"https:\/\/letempsmag.ma\/index.php?rest_route=\/wp\/v2\/media\/23757"}],"wp:attachment":[{"href":"https:\/\/letempsmag.ma\/index.php?rest_route=%2Fwp%2Fv2%2Fmedia&parent=23756"}],"wp:term":[{"taxonomy":"category","embeddable":true,"href":"https:\/\/letempsmag.ma\/index.php?rest_route=%2Fwp%2Fv2%2Fcategories&post=23756"},{"taxonomy":"post_tag","embeddable":true,"href":"https:\/\/letempsmag.ma\/index.php?rest_route=%2Fwp%2Fv2%2Ftags&post=23756"}],"curies":[{"name":"wp","href":"https:\/\/api.w.org\/{rel}","templated":true}]}}