{"id":23447,"date":"2023-06-13T11:07:35","date_gmt":"2023-06-13T10:07:35","guid":{"rendered":"https:\/\/letempsmag.ma\/?p=23447"},"modified":"2023-06-13T11:07:36","modified_gmt":"2023-06-13T10:07:36","slug":"opticalia-maroc-lance-une-caravane-a-guelmim-pour-la-sante-visuelle-des-enfants","status":"publish","type":"post","link":"https:\/\/letempsmag.ma\/?p=23447","title":{"rendered":"Opticalia Maroc lance une caravane \u00e0 Guelmim pour la sant\u00e9 visuelle des enfants"},"content":{"rendered":"\n<p>Opticalia Maroc, enseigne d&#8217;optique leader au Maroc, vient d&#8217;annoncer la r\u00e9ussite de sa premi\u00e8re caravane de sensibilisation d\u00e9di\u00e9e \u00e0 la sant\u00e9 visuelle des enfants. La caravane a eu lieu \u00e0 Guelmim, une r\u00e9gion o\u00f9 cette initiative humanitaire a \u00e9t\u00e9 accueillie avec beaucoup d\u2019enthousiasme. \u00abNous sommes fiers d\u2019avoir co-organis\u00e9 et collabor\u00e9 \u00e0 cette caravane qui a permis d\u2019offrir des services de d\u00e9pistage visuel et ophtalmique aux enfants de la r\u00e9gion de Guelmim. Gr\u00e2ce \u00e0 la participation de deux ophtalmologues, de quatre opticiens qualifi\u00e9s et d\u2019une dizaine de techniciens d\u00e9vou\u00e9s ainsi que du c\u00e9l\u00e8bre artiste Rachid El Ouali, la caravane a permis de r\u00e9aliser un d\u00e9pistage des enfants et de fournir des lunettes de vue \u00e0 tous ceux qui en avaient besoin\u00bb, d\u00e9clar\u00e9 Benito Cazal, Directeur G\u00e9n\u00e9ral d&#8217;Opticalia Maroc.<\/p>\n\n\n\n<p>Le programme de cette caravane a inclus la visite de trois \u00e9coles au sein de trois communes de la r\u00e9gion de Guelmim. Lors de ces visites, l&#8217;\u00e9quipe m\u00e9dicale et param\u00e9dicale d&#8217;Opticalia a r\u00e9alis\u00e9 un total de 1.533 contr\u00f4les visuels en deux jours. Gr\u00e2ce \u00e0 cette initiative, 520 montures de lunettes de vue vont \u00eatre distribu\u00e9es, r\u00e9duisant ainsi le risque d&#8217;\u00e9chec scolaire en raison d&#8217;une mauvaise vision.<\/p>\n\n\n\n<p>Opticalia Maroc s&#8217;est associ\u00e9e au Rotary Guelmim et au Rotary Casablanca Atlantic pour mener \u00e0 bien cette caravane de d\u00e9pistage. Ces partenariats ont permis de maximiser l&#8217;impact de l&#8217;initiative et de toucher un plus grand nombre d&#8217;enfants n\u00e9cessitant une attention particuli\u00e8re pour leur sant\u00e9 visuelle. La prochaine \u00e9tape consistera \u00e0 envoyer, dans les jours \u00e0 venir, des montures de lunettes avec leurs corrections de verres respectives aux 520 enfants identifi\u00e9s lors de la caravane.<\/p>\n\n\n\n<p>Pr\u00e9sent dans cinq pays (Portugal, Colombie, Mexique, Espagne et Maroc depuis 2020) avec un r\u00e9seau de plus de 1.150 magasins d&#8217;optiques adh\u00e9rents, Opticalia est une des enseignes les plus dynamiques dans les pays o\u00f9 elle op\u00e8re. Au Maroc, le groupe compte pr\u00e8s de 80 magasins sous enseigne dans plus d&#8217;une trentaine de ville.<\/p>\n","protected":false},"excerpt":{"rendered":"<p>Opticalia Maroc, enseigne d&#8217;optique leader au Maroc, vient d&#8217;annoncer la r\u00e9ussite de sa premi\u00e8re caravane de sensibilisation d\u00e9di\u00e9e \u00e0 la sant\u00e9 visuelle des enfants. La caravane a eu lieu \u00e0 Guelmim, une r\u00e9gion o\u00f9 cette initiative humanitaire a \u00e9t\u00e9 accueillie avec beaucoup d\u2019enthousiasme. \u00abNous sommes fiers d\u2019avoir co-organis\u00e9 et collabor\u00e9 \u00e0 cette caravane qui a &hellip;<\/p>\n","protected":false},"author":9,"featured_media":23448,"comment_status":"open","ping_status":"closed","sticky":false,"template":"","format":"standard","meta":{"footnotes":""},"categories":[448],"tags":[],"class_list":["post-23447","post","type-post","status-publish","format-standard","has-post-thumbnail","hentry","category-engagement-citoyen"],"_links":{"self":[{"href":"https:\/\/letempsmag.ma\/index.php?rest_route=\/wp\/v2\/posts\/23447","targetHints":{"allow":["GET"]}}],"collection":[{"href":"https:\/\/letempsmag.ma\/index.php?rest_route=\/wp\/v2\/posts"}],"about":[{"href":"https:\/\/letempsmag.ma\/index.php?rest_route=\/wp\/v2\/types\/post"}],"author":[{"embeddable":true,"href":"https:\/\/letempsmag.ma\/index.php?rest_route=\/wp\/v2\/users\/9"}],"replies":[{"embeddable":true,"href":"https:\/\/letempsmag.ma\/index.php?rest_route=%2Fwp%2Fv2%2Fcomments&post=23447"}],"version-history":[{"count":1,"href":"https:\/\/letempsmag.ma\/index.php?rest_route=\/wp\/v2\/posts\/23447\/revisions"}],"predecessor-version":[{"id":23449,"href":"https:\/\/letempsmag.ma\/index.php?rest_route=\/wp\/v2\/posts\/23447\/revisions\/23449"}],"wp:featuredmedia":[{"embeddable":true,"href":"https:\/\/letempsmag.ma\/index.php?rest_route=\/wp\/v2\/media\/23448"}],"wp:attachment":[{"href":"https:\/\/letempsmag.ma\/index.php?rest_route=%2Fwp%2Fv2%2Fmedia&parent=23447"}],"wp:term":[{"taxonomy":"category","embeddable":true,"href":"https:\/\/letempsmag.ma\/index.php?rest_route=%2Fwp%2Fv2%2Fcategories&post=23447"},{"taxonomy":"post_tag","embeddable":true,"href":"https:\/\/letempsmag.ma\/index.php?rest_route=%2Fwp%2Fv2%2Ftags&post=23447"}],"curies":[{"name":"wp","href":"https:\/\/api.w.org\/{rel}","templated":true}]}}