{"id":23345,"date":"2023-06-09T11:04:06","date_gmt":"2023-06-09T10:04:06","guid":{"rendered":"https:\/\/letempsmag.ma\/?p=23345"},"modified":"2023-06-09T11:04:06","modified_gmt":"2023-06-09T10:04:06","slug":"les-salons-jumeaux-plastexpo-et-packexpo-font-le-plein","status":"publish","type":"post","link":"https:\/\/letempsmag.ma\/?p=23345","title":{"rendered":"Les Salons jumeaux PlastExpo et PackExpo font le plein"},"content":{"rendered":"\n<p>La 9<sup>\u00e8me<\/sup> \u00e9dition du PlastExpo (Salon international du plastique, du caoutchouc, des composites et de la p\u00e9trochimie) et la 4<sup>\u00e8me<\/sup> \u00e9dition du PackExpo (Salon international du packaging, de l\u2019impression et de la logistique de proximit\u00e9), ont \u00e9t\u00e9 inaugur\u00e9es de mani\u00e8re concomitante mercredi dernier et se tiendront jusqu\u2019\u00e0 demain samedi au parc des expositions Mohammed VI \u00e0 El Jadida.<\/p>\n\n\n\n<p>L\u2019inauguration de ce happening sectoriel a eu lieu en pr\u00e9sence de Ryad Mezzour, Ministre du Commerce et de l\u2019Industrie. L\u2019ouverture a \u00e9t\u00e9 marqu\u00e9e par un expos\u00e9 sur l\u2019investissement dans le domaine de la plasturgie avec la participation notamment du Ministre de tutelle, du Pr\u00e9sident de la CGEM, Chakib Alj, et du Pr\u00e9sident de la F\u00e9d\u00e9ration Marocaine de Plasturgie, Hicham El Haid.<\/p>\n\n\n\n<p>Deux pays partenaires sont \u00e0 l\u2019honneur pour cette \u00e9dition 2023, il s\u2019agit de l\u2019Italie repr\u00e9sent\u00e9e par l\u2019Association des constructeurs de machines pour le Plastiques et Caoutchouc (AMAPLAST) et du Portugal repr\u00e9sent\u00e9 par l\u2019Association Portugaise des Industriels du Plastique (APIP).<\/p>\n\n\n\n<p>Hicham El Haid, a d\u00e9clar\u00e9&nbsp;: \u00abLe leitmotiv des \u00e9ditions 2023 du PlastExpo et du PackExpo s\u2019inspire de la nouvelle approche adopt\u00e9e par l\u2019ing\u00e9niosit\u00e9 de notre minist\u00e8re de tutelle consistant \u00e0 impliquer en amont les diff\u00e9rents secteurs de l\u2019\u00e9cosyst\u00e8me industriel marocain pour la fructification des synergies intersectorielles dans un objectif de renforcer la souverainet\u00e9 industrielle marocaine dans l\u2019objectif d\u2019une concr\u00e9tisation des grandes orientations de S.M. le Roi Mohammed VI, qui auront un impact direct sur le secteur de la plasturgie en particulier et sur l\u2019industrie marocaine plus g\u00e9n\u00e9ralement\u00bb.<\/p>\n\n\n\n<p>Durant les deux derniers jours, des s\u00e9ances de r\u00e9flexion ont \u00e9t\u00e9 tenues dans le cadre de ces \u00e9ditions, avec pour th\u00e8mes \u00abLa contribution de l\u2019Innovation et de la R&amp;D issues des universit\u00e9s dans le d\u00e9veloppement de l\u2019investissement Industriel\u00bb et \u00abLa plasturgie au Maroc&nbsp;: quelle contribution des fabricants de produits plastiques destin\u00e9s au BTP dans les grands chantiers du Royaume et dans la gestion efficiente de l\u2019eau&nbsp;?\u00bb.<\/p>\n\n\n\n<p>Hier jeudi, une table ronde a \u00e9t\u00e9 tenue sous le th\u00e8me \u00abLa plasturgie au Maroc sera-t-elle circulaire ou ne le sera pas&nbsp;? Quels r\u00f4les et impacts des secteurs en amont et en aval de cette industrie industrialisante&nbsp;?\u00bb. Par ailleurs, l\u2019expert international, Giovanni De Molli Morandi, a anim\u00e9 un s\u00e9minaire technique sur le recyclage.<\/p>\n\n\n\n<p><strong>L. F.<\/strong><\/p>\n","protected":false},"excerpt":{"rendered":"<p>La 9\u00e8me \u00e9dition du PlastExpo (Salon international du plastique, du caoutchouc, des composites et de la p\u00e9trochimie) et la 4\u00e8me \u00e9dition du PackExpo (Salon international du packaging, de l\u2019impression et de la logistique de proximit\u00e9), ont \u00e9t\u00e9 inaugur\u00e9es de mani\u00e8re concomitante mercredi dernier et se tiendront jusqu\u2019\u00e0 demain samedi au parc des expositions Mohammed VI &hellip;<\/p>\n","protected":false},"author":9,"featured_media":23346,"comment_status":"open","ping_status":"closed","sticky":false,"template":"","format":"standard","meta":{"footnotes":""},"categories":[82],"tags":[],"class_list":["post-23345","post","type-post","status-publish","format-standard","has-post-thumbnail","hentry","category-industrie"],"_links":{"self":[{"href":"https:\/\/letempsmag.ma\/index.php?rest_route=\/wp\/v2\/posts\/23345","targetHints":{"allow":["GET"]}}],"collection":[{"href":"https:\/\/letempsmag.ma\/index.php?rest_route=\/wp\/v2\/posts"}],"about":[{"href":"https:\/\/letempsmag.ma\/index.php?rest_route=\/wp\/v2\/types\/post"}],"author":[{"embeddable":true,"href":"https:\/\/letempsmag.ma\/index.php?rest_route=\/wp\/v2\/users\/9"}],"replies":[{"embeddable":true,"href":"https:\/\/letempsmag.ma\/index.php?rest_route=%2Fwp%2Fv2%2Fcomments&post=23345"}],"version-history":[{"count":1,"href":"https:\/\/letempsmag.ma\/index.php?rest_route=\/wp\/v2\/posts\/23345\/revisions"}],"predecessor-version":[{"id":23347,"href":"https:\/\/letempsmag.ma\/index.php?rest_route=\/wp\/v2\/posts\/23345\/revisions\/23347"}],"wp:featuredmedia":[{"embeddable":true,"href":"https:\/\/letempsmag.ma\/index.php?rest_route=\/wp\/v2\/media\/23346"}],"wp:attachment":[{"href":"https:\/\/letempsmag.ma\/index.php?rest_route=%2Fwp%2Fv2%2Fmedia&parent=23345"}],"wp:term":[{"taxonomy":"category","embeddable":true,"href":"https:\/\/letempsmag.ma\/index.php?rest_route=%2Fwp%2Fv2%2Fcategories&post=23345"},{"taxonomy":"post_tag","embeddable":true,"href":"https:\/\/letempsmag.ma\/index.php?rest_route=%2Fwp%2Fv2%2Ftags&post=23345"}],"curies":[{"name":"wp","href":"https:\/\/api.w.org\/{rel}","templated":true}]}}