{"id":23308,"date":"2023-06-08T10:59:40","date_gmt":"2023-06-08T09:59:40","guid":{"rendered":"https:\/\/letempsmag.ma\/?p=23308"},"modified":"2023-06-08T10:59:40","modified_gmt":"2023-06-08T09:59:40","slug":"long-al-ikram-transforme-les-chiffonniers-en-ambassadeurs-de-lenvironnement","status":"publish","type":"post","link":"https:\/\/letempsmag.ma\/?p=23308","title":{"rendered":"L&#8217;ONG Al Ikram transforme les chiffonniers en \u00abambassadeurs\u00bb de l&#8217;environnement"},"content":{"rendered":"\n<p>L&#8217;association Al Ikram a lanc\u00e9 en septembre 2022 un projet-pilote visant \u00e0 faire des chiffonniers de Casablanca des \u00abambassadeurs\u00bb de l&#8217;environnement. \u00c0 l&#8217;occasion de la r\u00e9cente Journ\u00e9e Mondiale de l&#8217;Environnement, l&#8217;ONG a d\u00e9voil\u00e9 en d\u00e9tail son projet-pilote. Cette initiative est la r\u00e9sultante d\u2019une capitalisation de l\u2019exp\u00e9rience de l\u2019association sur le tri s\u00e9lectif et la collecte op\u00e9r\u00e9e aupr\u00e8s d\u2019entreprises dans le respect des normes d\u2019hygi\u00e8ne et s\u00e9curit\u00e9. Dans ce sens, l\u2019association souhaite mettre son exp\u00e9rience aussi bien dans le m\u00e9tier que l\u2019accompagnement socio-\u00e9conomique au service de cette cible. Par cons\u00e9quent, l\u2019impact souhait\u00e9 est de favoriser une vie d\u00e9cente aux chiffonniers tout en les accompagnant dans le processus de pratique de leur m\u00e9tier, et ce, dans le respect des r\u00e8gles d\u2019hygi\u00e8ne et de s\u00e9curit\u00e9.<\/p>\n\n\n\n<p>Les collecteurs de d\u00e9chets ambulants jouent un r\u00f4le vital dans la pr\u00e9servation de l&#8217;environnement en collectant puis en triant en amont des d\u00e9chets destin\u00e9s \u00e0 \u00eatre achemin\u00e9s vers la d\u00e9charge. Ils permettent ainsi d&#8217;int\u00e9grer dans le circuit de la r\u00e9utilisation ou du recyclage des d\u00e9chets dont la fin de vie approchait. Cependant, ils sont souvent marginalis\u00e9s et confront\u00e9s \u00e0 des conditions de travail difficiles. L&#8217;association Al Ikram s&#8217;est engag\u00e9e \u00e0 les appuyer davantage en vue de changer cette r\u00e9alit\u00e9 et \u00e0 transformer dans une approche participative leurs conditions dans la poursuite de l\u2019impact positif sur l\u2019environnement.<\/p>\n\n\n\n<p>Le projet ambitieux de l\u2019ONG comprend plusieurs volets&nbsp;: formation pour le d\u00e9veloppement professionnel, accompagnement entrepreneurial, ateliers en d\u00e9veloppement personnel et appui logistique par l\u2019acquisition de mat\u00e9riel.<\/p>\n\n\n\n<p>L\u2019association Al Ikram pr\u00e9voit d&#8217;offrir une formation technique aux chiffonniers, afin de renforcer leurs comp\u00e9tences et leur expertise en mati\u00e8re de tri s\u00e9lectif, d\u2019optimisation de leur logistique. Parall\u00e8lement, elle accorde une attention particuli\u00e8re \u00e0 l&#8217;hygi\u00e8ne et \u00e0 la s\u00e9curit\u00e9 des chiffonniers. Des formations sp\u00e9cifiques sont ainsi dispens\u00e9es pour sensibiliser ces collecteurs ambulants aux bonnes pratiques d&#8217;hygi\u00e8ne, \u00e0 l&#8217;utilisation ad\u00e9quate des \u00e9quipements de protection individuelle et \u00e0 la pr\u00e9vention des risques li\u00e9s \u00e0 leur activit\u00e9. En fournissant des uniformes, des gants adapt\u00e9s et en mettant en place des mesures de s\u00e9curit\u00e9 appropri\u00e9es, l\u2019association Al Ikram vise ainsi \u00e0 garantir un environnement de travail s\u00fbr et sain pour les chiffonniers.<\/p>\n\n\n\n<p>Rappelons que l&#8217;association Al Ikram est une organisation \u00e0 but non lucratif, cr\u00e9\u00e9e en 1996 et reconnue d\u2019utilit\u00e9 publique depuis 2000. L\u2019ONG a pour mission de mettre l\u2019innovation sociale et environnementale au service de l\u2019autonomisation socio-\u00e9conomique des jeunes et des femmes.<\/p>\n","protected":false},"excerpt":{"rendered":"<p>L&#8217;association Al Ikram a lanc\u00e9 en septembre 2022 un projet-pilote visant \u00e0 faire des chiffonniers de Casablanca des \u00abambassadeurs\u00bb de l&#8217;environnement. \u00c0 l&#8217;occasion de la r\u00e9cente Journ\u00e9e Mondiale de l&#8217;Environnement, l&#8217;ONG a d\u00e9voil\u00e9 en d\u00e9tail son projet-pilote. Cette initiative est la r\u00e9sultante d\u2019une capitalisation de l\u2019exp\u00e9rience de l\u2019association sur le tri s\u00e9lectif et la collecte &hellip;<\/p>\n","protected":false},"author":9,"featured_media":23309,"comment_status":"open","ping_status":"closed","sticky":false,"template":"","format":"standard","meta":{"footnotes":""},"categories":[448],"tags":[],"class_list":["post-23308","post","type-post","status-publish","format-standard","has-post-thumbnail","hentry","category-engagement-citoyen"],"_links":{"self":[{"href":"https:\/\/letempsmag.ma\/index.php?rest_route=\/wp\/v2\/posts\/23308","targetHints":{"allow":["GET"]}}],"collection":[{"href":"https:\/\/letempsmag.ma\/index.php?rest_route=\/wp\/v2\/posts"}],"about":[{"href":"https:\/\/letempsmag.ma\/index.php?rest_route=\/wp\/v2\/types\/post"}],"author":[{"embeddable":true,"href":"https:\/\/letempsmag.ma\/index.php?rest_route=\/wp\/v2\/users\/9"}],"replies":[{"embeddable":true,"href":"https:\/\/letempsmag.ma\/index.php?rest_route=%2Fwp%2Fv2%2Fcomments&post=23308"}],"version-history":[{"count":1,"href":"https:\/\/letempsmag.ma\/index.php?rest_route=\/wp\/v2\/posts\/23308\/revisions"}],"predecessor-version":[{"id":23310,"href":"https:\/\/letempsmag.ma\/index.php?rest_route=\/wp\/v2\/posts\/23308\/revisions\/23310"}],"wp:featuredmedia":[{"embeddable":true,"href":"https:\/\/letempsmag.ma\/index.php?rest_route=\/wp\/v2\/media\/23309"}],"wp:attachment":[{"href":"https:\/\/letempsmag.ma\/index.php?rest_route=%2Fwp%2Fv2%2Fmedia&parent=23308"}],"wp:term":[{"taxonomy":"category","embeddable":true,"href":"https:\/\/letempsmag.ma\/index.php?rest_route=%2Fwp%2Fv2%2Fcategories&post=23308"},{"taxonomy":"post_tag","embeddable":true,"href":"https:\/\/letempsmag.ma\/index.php?rest_route=%2Fwp%2Fv2%2Ftags&post=23308"}],"curies":[{"name":"wp","href":"https:\/\/api.w.org\/{rel}","templated":true}]}}