{"id":2330,"date":"2021-04-21T10:29:07","date_gmt":"2021-04-21T10:29:07","guid":{"rendered":"https:\/\/letempsmag.ma\/?p=2330"},"modified":"2021-04-21T10:29:08","modified_gmt":"2021-04-21T10:29:08","slug":"le-livre-universitaire-choisit-le-format-virtuel-pour-son-premier-salon","status":"publish","type":"post","link":"https:\/\/letempsmag.ma\/?p=2330","title":{"rendered":"Le livre universitaire choisit le format virtuel pour son premier Salon"},"content":{"rendered":"\n<p>La premi\u00e8re \u00e9dition du Salon virtuel du livre universitaire s&#8217;est ouverte, hier mardi par visioconf\u00e9rence, avec la participation de diverses universit\u00e9s marocaines et de nombreux instituts et \u00e9tablissements d&#8217;\u00e9dition et du livre. Pr\u00e9vue jusqu&#8217;au 27 avril courant, l\u2019\u00e9v\u00e9nement est au cr\u00e9dit du minist\u00e8re de l&#8217;\u00c9ducation nationale, de la Formation professionnelle, de l&#8217;Enseignement sup\u00e9rieur et de la Recherche scientifique, en partenariat avec le minist\u00e8re de la Culture, de la Jeunesse et des Sports. Cette \u00e9dition inaugurale conna\u00eet la participation de l&#8217;Institut Royal de la Culture Amazighe (IRCAM), de l&#8217;Acad\u00e9mie du Royaume du Maroc et de l&#8217;Acad\u00e9mie Hassan II des Sciences et de la Technologie, en plus de la participation du Centre National de la Recherche Scientifique et Technique qui supervise la publication de nombreuses revues \u00e9lectroniques universitaires. Plus de 900 livres universitaires, en formats papier et num\u00e9rique ainsi qu\u2019une centaine de magazines marocains universitaires \u00e9lectroniques sont expos\u00e9s dans le cadre de cet \u00e9v\u00e9nement, en plus de liens vers la Biblioth\u00e8que Num\u00e9rique lanc\u00e9e par le minist\u00e8re de tutelle en partenariat avec le British Council. Le programme de cette \u00e9dition comprend \u00e9galement des conf\u00e9rences d&#8217;\u00e9minents professeurs, notamment le philosophe Edgar Morin qui a \u00e9voqu\u00e9, dans son conf\u00e9rence inaugurale du Salon, le r\u00f4le central du livre dans la culture. En plus de la participation du Pr Ahmed Boukouss, qui pr\u00e9sente une conf\u00e9rence sur la recherche, la cr\u00e9ativit\u00e9 et l&#8217;\u00e9dition \u00e0 travers l&#8217;exp\u00e9rience de l&#8217;IRCAM, le programme pr\u00e9voit \u00e9galement l&#8217;intervention d&#8217;acteurs issus d&#8217;\u00e9tablissements int\u00e9ress\u00e9s par le livre, l&#8217;\u00e9dition et les \u00e9changes culturels, notamment le directeur du British Council ainsi que la responsable de l&#8217;Agence Universitaire Francophone, ainsi que des interventions de plusieurs professeurs et chercheurs de diverses universit\u00e9s, \u00e0 travers des s\u00e9minaires et des tables rondes. Un concours de lecture pour \u00e9tudiants sera organis\u00e9 parall\u00e8lement aux activit\u00e9s du Salon, avec un focus sur le livre marocain, et qui se distinguera par une nouvelle \u0153uvre du livre audio marocain.<\/p>\n","protected":false},"excerpt":{"rendered":"<p>La premi\u00e8re \u00e9dition du Salon virtuel du livre universitaire s&#8217;est ouverte, hier mardi par visioconf\u00e9rence, avec la participation de diverses universit\u00e9s marocaines et de nombreux instituts et \u00e9tablissements d&#8217;\u00e9dition et du livre. Pr\u00e9vue jusqu&#8217;au 27 avril courant, l\u2019\u00e9v\u00e9nement est au cr\u00e9dit du minist\u00e8re de l&#8217;\u00c9ducation nationale, de la Formation professionnelle, de l&#8217;Enseignement sup\u00e9rieur et de &hellip;<\/p>\n","protected":false},"author":9,"featured_media":2331,"comment_status":"open","ping_status":"closed","sticky":false,"template":"","format":"standard","meta":{"footnotes":""},"categories":[51],"tags":[],"class_list":["post-2330","post","type-post","status-publish","format-standard","has-post-thumbnail","hentry","category-culture"],"_links":{"self":[{"href":"https:\/\/letempsmag.ma\/index.php?rest_route=\/wp\/v2\/posts\/2330","targetHints":{"allow":["GET"]}}],"collection":[{"href":"https:\/\/letempsmag.ma\/index.php?rest_route=\/wp\/v2\/posts"}],"about":[{"href":"https:\/\/letempsmag.ma\/index.php?rest_route=\/wp\/v2\/types\/post"}],"author":[{"embeddable":true,"href":"https:\/\/letempsmag.ma\/index.php?rest_route=\/wp\/v2\/users\/9"}],"replies":[{"embeddable":true,"href":"https:\/\/letempsmag.ma\/index.php?rest_route=%2Fwp%2Fv2%2Fcomments&post=2330"}],"version-history":[{"count":1,"href":"https:\/\/letempsmag.ma\/index.php?rest_route=\/wp\/v2\/posts\/2330\/revisions"}],"predecessor-version":[{"id":2332,"href":"https:\/\/letempsmag.ma\/index.php?rest_route=\/wp\/v2\/posts\/2330\/revisions\/2332"}],"wp:featuredmedia":[{"embeddable":true,"href":"https:\/\/letempsmag.ma\/index.php?rest_route=\/wp\/v2\/media\/2331"}],"wp:attachment":[{"href":"https:\/\/letempsmag.ma\/index.php?rest_route=%2Fwp%2Fv2%2Fmedia&parent=2330"}],"wp:term":[{"taxonomy":"category","embeddable":true,"href":"https:\/\/letempsmag.ma\/index.php?rest_route=%2Fwp%2Fv2%2Fcategories&post=2330"},{"taxonomy":"post_tag","embeddable":true,"href":"https:\/\/letempsmag.ma\/index.php?rest_route=%2Fwp%2Fv2%2Ftags&post=2330"}],"curies":[{"name":"wp","href":"https:\/\/api.w.org\/{rel}","templated":true}]}}