{"id":22993,"date":"2023-05-22T14:15:32","date_gmt":"2023-05-22T13:15:32","guid":{"rendered":"https:\/\/letempsmag.ma\/?p=22993"},"modified":"2023-05-22T14:15:33","modified_gmt":"2023-05-22T13:15:33","slug":"beau-succes-pour-le-salon-international-de-larganier-a-agadir","status":"publish","type":"post","link":"https:\/\/letempsmag.ma\/?p=22993","title":{"rendered":"Beau succ\u00e8s pour le Salon International de l&#8217;Arganier \u00e0 Agadir"},"content":{"rendered":"\n<p>Le Salon International de l&#8217;Arganier, tenu \u00e0 Agadir du 17 au 21 mai courant, a enregistr\u00e9 un franc succ\u00e8s en attirant les acteurs majeurs de la fili\u00e8re de l&#8217;arganier, avec la participation de plus de 200 exposants repr\u00e9sentant les r\u00e9gions de Souss-Massa, Guelmim-Oued Noun et Marrakech-Safi, et \u00e9tablissant une affluence de plus de 220.000 visiteurs.<\/p>\n\n\n\n<p>L&#8217;objectif principal de cet \u00e9v\u00e9nement est de susciter les discussions sur les enjeux et d\u00e9fis environnementaux et de durabilit\u00e9 li\u00e9e \u00e0 l&#8217;\u00e9cosyst\u00e8me de l\u2019arganier, en mettant en valeur les pratiques responsables. Les ateliers scientifiques et culturels organis\u00e9s ont connu une participation importante, ce qui t\u00e9moigne de l&#8217;engagement croissant des professionnels et du grand public envers la pr\u00e9servation et la promotion de la durabilit\u00e9 de l&#8217;\u00e9cosyst\u00e8me de l&#8217;arganier.<\/p>\n\n\n\n<p>L&#8217;espace d&#8217;exposition \u00e9co-responsable a servi de point de rencontre important pour les diff\u00e9rents acteurs de la fili\u00e8re, permettant aux visiteurs de d\u00e9couvrir les initiatives novatrices pour pr\u00e9server l&#8217;arganeraie. L\u2019exp\u00e9rience d&#8217;immersion virtuelle a connu un grand succ\u00e8s. Elle a permis de transporter les visiteurs virtuellement au c\u0153ur de la biosph\u00e8re et de l\u2019\u00e9cosyst\u00e8me arganier, dans la langue de leur choix (fran\u00e7aise, anglaise, arabe et amazighe). Le Salon a \u00e9galement mis en avant les bienfaits cosm\u00e9tiques de l&#8217;arganier, en faisant appel \u00e0 des experts qui ont apport\u00e9 les explications n\u00e9cessaires et les conseils aux visiteurs, leur permettant de d\u00e9couvrir les innombrables vertus et bienfaits cosm\u00e9tiques des produits de l\u2019arganier, notamment pour la peau et les cheveux.<\/p>\n\n\n\n<p>Un espace d\u00e9di\u00e9 a permis aux visiteurs de plonger dans le patrimoine culturel et les techniques traditionnelles de production de l\u2019huile d\u2019argan et autres produits d\u00e9riv\u00e9s de l\u2019arganier, mettant en avant les pratiques artisanales et le savoir ancestral traditionnel des femmes du sud marocain.<\/p>\n\n\n\n<p>Le Salon a par ailleurs r\u00e9serv\u00e9 une attention particuli\u00e8re \u00e0 la sensibilisation des jeunes g\u00e9n\u00e9rations et des activit\u00e9s p\u00e9dagogiques et artistiques ont \u00e9t\u00e9 propos\u00e9es aux enfants dans un espace d\u00e9di\u00e9, leur permettant de d\u00e9couvrir le r\u00f4le crucial de l&#8217;arganier dans l\u2019\u00e9quilibre de l\u2019environnement et la n\u00e9cessit\u00e9 de pr\u00e9servation de cet h\u00e9ritage ancestral. Des visites guid\u00e9es ont ainsi \u00e9t\u00e9 organis\u00e9es pour plus de 1.500 \u00e9l\u00e8ves, leur offrant l\u2019opportunit\u00e9 d\u2019apprendre davantage sur l&#8217;arganier \u00e0 travers des d\u00e9monstrations et activit\u00e9s adapt\u00e9es. Une comp\u00e9tition r\u00e9gionale organis\u00e9e en collaboration avec l\u2019Acad\u00e9mie R\u00e9gionale de l\u2019\u00c9ducation Nationale a permis de faire \u00e9merger les talents artistiques des jeunes participants.<\/p>\n\n\n\n<p>Un espace \u00abHjayti\u00bb a offert une exp\u00e9rience sp\u00e9ciale aux visiteurs, les plongeant \u00e0 travers des r\u00e9cits envo\u00fbtants, dans un univers f\u00e9\u00e9rique d&#8217;histoires et de contes traditionnels autour de l&#8217;arganier. Des s\u00e9ances de d\u00e9gustation orchestr\u00e9es par un chef international renomm\u00e9 ont permis aux participants de d\u00e9guster les saveurs exquises de l&#8217;argan.<\/p>\n\n\n\n<p>Au-del\u00e0 des rencontres \u00abB to B\u00bb, des conf\u00e9rences et ateliers ont \u00e9t\u00e9 organis\u00e9s, mettant en avant les richesses de l\u2019arganier et les derni\u00e8res avanc\u00e9es et travaux de recherche. Le Salon a mis en valeur la durabilit\u00e9 et la richesse culturelle de l&#8217;\u00e9cosyst\u00e8me de l&#8217;arganier. L\u2019\u00e9v\u00e9nement a permis aux visiteurs et participants d\u2019approfondir leurs connaissances et de d\u00e9couvrir les multiples facettes de cet arbre embl\u00e9matique du Maroc \u00e0 travers des exp\u00e9riences immersives, des \u00e9changes enrichissants et des exp\u00e9riences culinaires et gustatives.<\/p>\n\n\n\n<p>Des visites de projets et du mus\u00e9e \u00abTargant\u00bb ont \u00e9t\u00e9 organis\u00e9s pour la presse qui a assur\u00e9 la couverture m\u00e9diatique du Salon. En effet, plus de 70 journalistes de la presse r\u00e9gionale, nationale et internationale ont assur\u00e9 la couverture m\u00e9diatique de cet \u00e9v\u00e9nement qui a ainsi connu, pour sa 2<sup>\u00e8me<\/sup> \u00e9dition, un franc succ\u00e8s gr\u00e2ce \u00e0 l\u2019excellente organisation, \u00e0 l\u2019implication et la forte mobilisation des diff\u00e9rents acteurs de la fili\u00e8re.<\/p>\n","protected":false},"excerpt":{"rendered":"<p>Le Salon International de l&#8217;Arganier, tenu \u00e0 Agadir du 17 au 21 mai courant, a enregistr\u00e9 un franc succ\u00e8s en attirant les acteurs majeurs de la fili\u00e8re de l&#8217;arganier, avec la participation de plus de 200 exposants repr\u00e9sentant les r\u00e9gions de Souss-Massa, Guelmim-Oued Noun et Marrakech-Safi, et \u00e9tablissant une affluence de plus de 220.000 visiteurs. &hellip;<\/p>\n","protected":false},"author":9,"featured_media":22994,"comment_status":"open","ping_status":"closed","sticky":false,"template":"","format":"standard","meta":{"footnotes":""},"categories":[866],"tags":[],"class_list":["post-22993","post","type-post","status-publish","format-standard","has-post-thumbnail","hentry","category-terroir"],"_links":{"self":[{"href":"https:\/\/letempsmag.ma\/index.php?rest_route=\/wp\/v2\/posts\/22993","targetHints":{"allow":["GET"]}}],"collection":[{"href":"https:\/\/letempsmag.ma\/index.php?rest_route=\/wp\/v2\/posts"}],"about":[{"href":"https:\/\/letempsmag.ma\/index.php?rest_route=\/wp\/v2\/types\/post"}],"author":[{"embeddable":true,"href":"https:\/\/letempsmag.ma\/index.php?rest_route=\/wp\/v2\/users\/9"}],"replies":[{"embeddable":true,"href":"https:\/\/letempsmag.ma\/index.php?rest_route=%2Fwp%2Fv2%2Fcomments&post=22993"}],"version-history":[{"count":1,"href":"https:\/\/letempsmag.ma\/index.php?rest_route=\/wp\/v2\/posts\/22993\/revisions"}],"predecessor-version":[{"id":22995,"href":"https:\/\/letempsmag.ma\/index.php?rest_route=\/wp\/v2\/posts\/22993\/revisions\/22995"}],"wp:featuredmedia":[{"embeddable":true,"href":"https:\/\/letempsmag.ma\/index.php?rest_route=\/wp\/v2\/media\/22994"}],"wp:attachment":[{"href":"https:\/\/letempsmag.ma\/index.php?rest_route=%2Fwp%2Fv2%2Fmedia&parent=22993"}],"wp:term":[{"taxonomy":"category","embeddable":true,"href":"https:\/\/letempsmag.ma\/index.php?rest_route=%2Fwp%2Fv2%2Fcategories&post=22993"},{"taxonomy":"post_tag","embeddable":true,"href":"https:\/\/letempsmag.ma\/index.php?rest_route=%2Fwp%2Fv2%2Ftags&post=22993"}],"curies":[{"name":"wp","href":"https:\/\/api.w.org\/{rel}","templated":true}]}}