{"id":22984,"date":"2023-05-22T14:12:34","date_gmt":"2023-05-22T13:12:34","guid":{"rendered":"https:\/\/letempsmag.ma\/?p=22984"},"modified":"2023-05-22T14:12:35","modified_gmt":"2023-05-22T13:12:35","slug":"lassociation-pikala-trace-une-nouvelle-voie-pour-la-mobilite-a-marrakech","status":"publish","type":"post","link":"https:\/\/letempsmag.ma\/?p=22984","title":{"rendered":"L\u2019Association Pikala trace une nouvelle voie pour la mobilit\u00e9 \u00e0 Marrakech"},"content":{"rendered":"\n<p>En partenariat avec le Conseil communal de Marrakech, l&#8217;Association Pikala a d\u00e9voil\u00e9 une initiative audacieuse&nbsp;: remettre le v\u00e9lo au c\u0153ur de la vie dans la cit\u00e9 ocre. Avec une strat\u00e9gie r\u00e9solument tourn\u00e9e vers l&#8217;avenir, Pikala entend ainsi faire de Marrakech une ville pionni\u00e8re en mati\u00e8re de durabilit\u00e9 et de respect de l&#8217;environnement.<\/p>\n\n\n\n<p>Les 16 et 17 mai dernier, Pikala a ainsi d\u00e9ploy\u00e9 une s\u00e9rie d&#8217;ateliers et de s\u00e9minaires, tenus au Palais Municipal, Des repr\u00e9sentants-cl\u00e9s du paysage culturel, social et urbain de Marrakech \u00e9taient pr\u00e9sents, notamment Merle Van Eerden, Repr\u00e9sentante du D\u00e9partement de la Culture au sein de l\u2019ambassade des Pays-Bas; Atika Boucetta, Vice-Maire de Marrakech; Thijs Broers, architecte paysagiste \u00e0 l\u2019entreprise n\u00e9erlandaise Goudappel; et Bart Bos, responsable Qualit\u00e9 \u00e0 Goudappel. Tous ont particip\u00e9 au s\u00e9minaire de deux jours sur la r\u00e9volution cycliste \u00e0 Marrakech.<\/p>\n\n\n\n<p>Les ateliers se sont assign\u00e9 pour objectif de dynamiser la place du v\u00e9lo dans la cit\u00e9 ocre. R\u00e9unissant citoyens, urbanistes, politiciens et acteurs locaux autour d&#8217;un objectif commun, ces rencontres visaient \u00e0 favoriser l&#8217;\u00e9change de pratiques et le partage d\u2019id\u00e9es f\u00e9d\u00e9ratrices pour une ville plus accueillante aux cyclistes.<\/p>\n\n\n\n<p>Thijs Broers a soulign\u00e9&nbsp;: \u00abMarrakech a \u00e9t\u00e9 une grande surprise pour moi en termes de dynamique de circulation. Cette session \u00e9tait tr\u00e8s inspirante. C\u2019est formidable de voir comment les participants explorent et produisent au cours de l&#8217;atelier des id\u00e9es plus innovantes et visionnaires\u00bb.<\/p>\n\n\n\n<p>Cantal Bakker, fondatrice de l\u2019Association Pikala, a d\u00e9clar\u00e9 pour sa part&nbsp;: \u00abC\u2019\u00e9tait tr\u00e8s int\u00e9ressant de travailler directement avec les techniciens de la ville de Marrakech. De nombreuses nouvelles id\u00e9es d&#8217;infrastructure cyclable ont \u00e9t\u00e9 discut\u00e9es et nous allons d\u00e9ployer le tous nos efforts pour les aider \u00e0 r\u00e9aliser ces ambitions. J&#8217;ai \u00e9galement \u00e9t\u00e9 agr\u00e9ablement surprise par l&#8217;engagement de la jeunesse envers leur ville et leur imagination pour faire de Marrakech une cit\u00e9 plus adapt\u00e9e aux v\u00e9los\u00bb.<\/p>\n\n\n\n<p>Plusieurs recommandations innovantes, issues du s\u00e9minaire, ont \u00e9t\u00e9 pr\u00e9sent\u00e9es&nbsp;: mise en place d\u2019une piste verte de Marrakech, cr\u00e9ation d\u2019un circuit \u00e9co-touristique constituant une voie verte reliant le dynamisme de la place Jama\u00e2 El Fna aux vastes \u00e9tendues du Jardin de la M\u00e9nara, cr\u00e9ation d\u2019une piste \u00e9co-historique qui serait un parcours unique c\u00e9l\u00e9brant l&#8217;histoire de la ville tout en favorisant un mode de vie plus respectueux de l&#8217;environnement, r\u00e9am\u00e9nagement de l\u2019Avenue Mohammed V, une initiative vise \u00e0 rendre la circulation plus s\u00fbre et plus accessible pour les cyclistes, mise en \u0153uvre d\u2019une perspective visionnaire sur une connexion cyclable au Jardin Majorelle, cr\u00e9ation d&#8217;un nouveau quartier d&#8217;activit\u00e9s anim\u00e9 \u00e0 Bab Doukkala, cr\u00e9ation d\u2019un circuit de la M\u00e9nara, qui serait une voie r\u00e9serv\u00e9e exclusivement aux v\u00e9los au sein des jardins luxuriants de ce lieu.<\/p>\n\n\n\n<p>Investir dans le v\u00e9lo, c&#8217;est r\u00e9pondre \u00e0 une n\u00e9cessit\u00e9 contemporaine. Face \u00e0 la croissance urbaine et \u00e0 l&#8217;urgence environnementale, le v\u00e9lo se positionne comme une solution pragmatique et innovante. Avec cette initiative, Marrakech se place \u00e0 l&#8217;avant-garde du mouvement, marquant sa volont\u00e9 de devenir une ville plus verte et plus durable.<\/p>\n","protected":false},"excerpt":{"rendered":"<p>En partenariat avec le Conseil communal de Marrakech, l&#8217;Association Pikala a d\u00e9voil\u00e9 une initiative audacieuse&nbsp;: remettre le v\u00e9lo au c\u0153ur de la vie dans la cit\u00e9 ocre. Avec une strat\u00e9gie r\u00e9solument tourn\u00e9e vers l&#8217;avenir, Pikala entend ainsi faire de Marrakech une ville pionni\u00e8re en mati\u00e8re de durabilit\u00e9 et de respect de l&#8217;environnement. Les 16 et &hellip;<\/p>\n","protected":false},"author":9,"featured_media":22985,"comment_status":"open","ping_status":"closed","sticky":false,"template":"","format":"standard","meta":{"footnotes":""},"categories":[570],"tags":[],"class_list":["post-22984","post","type-post","status-publish","format-standard","has-post-thumbnail","hentry","category-evironnement"],"_links":{"self":[{"href":"https:\/\/letempsmag.ma\/index.php?rest_route=\/wp\/v2\/posts\/22984","targetHints":{"allow":["GET"]}}],"collection":[{"href":"https:\/\/letempsmag.ma\/index.php?rest_route=\/wp\/v2\/posts"}],"about":[{"href":"https:\/\/letempsmag.ma\/index.php?rest_route=\/wp\/v2\/types\/post"}],"author":[{"embeddable":true,"href":"https:\/\/letempsmag.ma\/index.php?rest_route=\/wp\/v2\/users\/9"}],"replies":[{"embeddable":true,"href":"https:\/\/letempsmag.ma\/index.php?rest_route=%2Fwp%2Fv2%2Fcomments&post=22984"}],"version-history":[{"count":1,"href":"https:\/\/letempsmag.ma\/index.php?rest_route=\/wp\/v2\/posts\/22984\/revisions"}],"predecessor-version":[{"id":22986,"href":"https:\/\/letempsmag.ma\/index.php?rest_route=\/wp\/v2\/posts\/22984\/revisions\/22986"}],"wp:featuredmedia":[{"embeddable":true,"href":"https:\/\/letempsmag.ma\/index.php?rest_route=\/wp\/v2\/media\/22985"}],"wp:attachment":[{"href":"https:\/\/letempsmag.ma\/index.php?rest_route=%2Fwp%2Fv2%2Fmedia&parent=22984"}],"wp:term":[{"taxonomy":"category","embeddable":true,"href":"https:\/\/letempsmag.ma\/index.php?rest_route=%2Fwp%2Fv2%2Fcategories&post=22984"},{"taxonomy":"post_tag","embeddable":true,"href":"https:\/\/letempsmag.ma\/index.php?rest_route=%2Fwp%2Fv2%2Ftags&post=22984"}],"curies":[{"name":"wp","href":"https:\/\/api.w.org\/{rel}","templated":true}]}}