{"id":22981,"date":"2023-05-22T14:11:24","date_gmt":"2023-05-22T13:11:24","guid":{"rendered":"https:\/\/letempsmag.ma\/?p=22981"},"modified":"2023-05-22T14:11:25","modified_gmt":"2023-05-22T13:11:25","slug":"nespresso-remporte-le-prix-de-la-meilleure-campagne-engagement-avec-son-agence-marcom-edge","status":"publish","type":"post","link":"https:\/\/letempsmag.ma\/?p=22981","title":{"rendered":"Nespresso remporte le Prix de la meilleure campagne \u00abEngagement\u00bb avec son agence Marcom Edge"},"content":{"rendered":"\n<p>Nespresso, leader mondial du caf\u00e9 en portions haut de gamme, vient de remporter le prix de la meilleure campagne \u00abEngagement\u00bb dans la cat\u00e9gorie Climat et Environnement, men\u00e9e par l&#8217;agence de communication marocaine Marcom Edge. Ce Prix a \u00e9t\u00e9 d\u00e9cern\u00e9 par les r\u00e9centes Imp\u00e9riales, \u00e9v\u00e8nement organis\u00e9 par Imp\u00e9rium Media au d\u00e9but du mois de mai courant.<\/p>\n\n\n\n<p>Le Prix couronne l\u2019engagement de Nespresso en faveur du d\u00e9veloppement durable. Depuis 2003, en effet, Nespesso s\u2019est mobilis\u00e9 en faveur du d\u00e9veloppement durable \u00e0 travers son programme \u00abNespresso AAA Sustainable Quality\u00bb pour une agriculture durable, faisant appel \u00e0 l\u2019art pour mobiliser les consommateurs de go\u00fbt. C\u2019est ainsi que Nespresso a sollicit\u00e9 le designer marocain Samy Snoussi pour \u00e9veiller les consciences quant au recyclage des capsules de caf\u00e9 usag\u00e9es. Le designer urbain, tr\u00e8s engag\u00e9 dans ce sens, a sign\u00e9 une \u0153uvre 100% marocaine intitul\u00e9e \u00abUne porte vers la durabilit\u00e9\u00bb, plaidant en faveur du recyclage des capsules usag\u00e9es. \u00abTravailler avec Nespresso Maroc, signifie pour moi un lien encore plus fort avec les mat\u00e9riaux\u00bb, a d\u00e9clar\u00e9 fi\u00e8rement Samy Snoussi, signant ainsi une \u0153uvre authentique et spirituelle qui plaide en faveur d\u2019une \u00e9cologie et d\u2019un recyclage ma\u00eetris\u00e9s. \u00abJe voulais contribuer, \u00e0 ma mani\u00e8re, et trouver un moyen d\u2019utiliser les capsules usag\u00e9es \u00e0 la r\u00e9alisation d\u2019une \u0153uvre artistique\u00bb, a expliqu\u00e9 l\u2019artiste.<\/p>\n\n\n\n<p>Nespresso et son partenaire Marcom Edge se sont ainsi distingu\u00e9s \u00e0 travers cette belle cons\u00e9cration. Pour rappel, Nestl\u00e9 Nespresso SA est la pionni\u00e8re et la r\u00e9f\u00e9rence en mati\u00e8re de caf\u00e9 en portions premium. L&#8217;entreprise travaille avec plus de 110.000 agriculteurs dans 15 pays, dans le cadre de son programme \u00abAAA Sustainable Quality\u00bb afin d&#8217;int\u00e9grer des pratiques de durabilit\u00e9 dans les exploitations et les paysages environnants. Lanc\u00e9 en 2003 en collaboration avec l&#8217;ONG Rainforest Alliance, ce programme permet d&#8217;am\u00e9liorer le rendement et la qualit\u00e9 des r\u00e9coltes, garantissant ainsi un approvisionnement durable en caf\u00e9 de grande qualit\u00e9 et am\u00e9liorant les moyens de subsistance des agriculteurs et de leurs communaut\u00e9s. Nespresso, dont le si\u00e8ge social est \u00e0 Lausanne, en Suisse, est pr\u00e9sente dans 82 pays et emploie plus de 13.900 personnes. En 2020, l\u2019enseigne exploitait un r\u00e9seau mondial de points de vente comprenant 816 boutiques. Depuis juillet 2019, Nespresso a consolid\u00e9 et a \u00e9largi sa pr\u00e9sence au Maroc, gr\u00e2ce \u00e0 une gestion directe des activit\u00e9s de la marque dans le Royaume via Nestl\u00e9 Maroc.<\/p>\n","protected":false},"excerpt":{"rendered":"<p>Nespresso, leader mondial du caf\u00e9 en portions haut de gamme, vient de remporter le prix de la meilleure campagne \u00abEngagement\u00bb dans la cat\u00e9gorie Climat et Environnement, men\u00e9e par l&#8217;agence de communication marocaine Marcom Edge. Ce Prix a \u00e9t\u00e9 d\u00e9cern\u00e9 par les r\u00e9centes Imp\u00e9riales, \u00e9v\u00e8nement organis\u00e9 par Imp\u00e9rium Media au d\u00e9but du mois de mai courant. &hellip;<\/p>\n","protected":false},"author":9,"featured_media":22982,"comment_status":"open","ping_status":"closed","sticky":false,"template":"","format":"standard","meta":{"footnotes":""},"categories":[1072],"tags":[],"class_list":["post-22981","post","type-post","status-publish","format-standard","has-post-thumbnail","hentry","category-les-imperiales-2023"],"_links":{"self":[{"href":"https:\/\/letempsmag.ma\/index.php?rest_route=\/wp\/v2\/posts\/22981","targetHints":{"allow":["GET"]}}],"collection":[{"href":"https:\/\/letempsmag.ma\/index.php?rest_route=\/wp\/v2\/posts"}],"about":[{"href":"https:\/\/letempsmag.ma\/index.php?rest_route=\/wp\/v2\/types\/post"}],"author":[{"embeddable":true,"href":"https:\/\/letempsmag.ma\/index.php?rest_route=\/wp\/v2\/users\/9"}],"replies":[{"embeddable":true,"href":"https:\/\/letempsmag.ma\/index.php?rest_route=%2Fwp%2Fv2%2Fcomments&post=22981"}],"version-history":[{"count":1,"href":"https:\/\/letempsmag.ma\/index.php?rest_route=\/wp\/v2\/posts\/22981\/revisions"}],"predecessor-version":[{"id":22983,"href":"https:\/\/letempsmag.ma\/index.php?rest_route=\/wp\/v2\/posts\/22981\/revisions\/22983"}],"wp:featuredmedia":[{"embeddable":true,"href":"https:\/\/letempsmag.ma\/index.php?rest_route=\/wp\/v2\/media\/22982"}],"wp:attachment":[{"href":"https:\/\/letempsmag.ma\/index.php?rest_route=%2Fwp%2Fv2%2Fmedia&parent=22981"}],"wp:term":[{"taxonomy":"category","embeddable":true,"href":"https:\/\/letempsmag.ma\/index.php?rest_route=%2Fwp%2Fv2%2Fcategories&post=22981"},{"taxonomy":"post_tag","embeddable":true,"href":"https:\/\/letempsmag.ma\/index.php?rest_route=%2Fwp%2Fv2%2Ftags&post=22981"}],"curies":[{"name":"wp","href":"https:\/\/api.w.org\/{rel}","templated":true}]}}