{"id":22935,"date":"2023-05-19T10:59:32","date_gmt":"2023-05-19T09:59:32","guid":{"rendered":"https:\/\/letempsmag.ma\/?p=22935"},"modified":"2023-05-19T10:59:33","modified_gmt":"2023-05-19T09:59:33","slug":"le-salon-mim-a-fait-carton-plein-pour-sa-20eme-edition","status":"publish","type":"post","link":"https:\/\/letempsmag.ma\/?p=22935","title":{"rendered":"Le Salon MIM a fait carton plein pour sa 20\u00e8me \u00e9dition"},"content":{"rendered":"\n<p>Le MIM, Salon international du textile, organis\u00e9 par l\u2019AMITH (Association Marocaine des Industries du Textile et de l\u2019Habillement) du 10 au 12 mai courant \u00e0 Casablanca, a fait carton plein. Plus de 120 exposants nationaux et internationaux ont ainsi orn\u00e9 les 8.000 m\u00e8tres carr\u00e9s du Salon dont la majorit\u00e9 \u00e9tait compos\u00e9e d\u2019entreprises marocaines, repr\u00e9sentant l\u2019ensemble de la cha\u00eene de valeur du textile, incluant le tissu, les accessoires et le textile de maison.<\/p>\n\n\n\n<p>Cette 20<sup>\u00e8me<\/sup> \u00e9dition a connu une fr\u00e9quentation exceptionnelle estim\u00e9e \u00e0 plus de 2.300 visiteurs professionnels porteurs de projets, dont 250 internationaux venus de nombreux pays&nbsp;: France, de Suisse, d\u2019Allemagne, de Finlande, des Pays-Bas, d\u2019Irlande, des \u00c9tats-Unis, d\u2019Espagne, du Portugal, de Belgique, de Russie, de Chine, de Turquie, d\u2019Isra\u00ebl, de Tunisie, d\u2019Alg\u00e9rie, d\u2019Italie, de Gr\u00e8ce et d\u2019\u00c9gypte. L\u2019objectif principal des visiteurs&nbsp;: s\u2019inscrire dans une dynamique de partenariats et de d\u00e9veloppement des investissements dans le secteur, entre donneurs d\u2019ordre, investisseurs et industriels marocains.<\/p>\n\n\n\n<p>La nouveaut\u00e9 de cette \u00e9dition 2023 a \u00e9t\u00e9 le pavillon d\u00e9di\u00e9 aux marques marocaines, qui a connu un franc succ\u00e8s, mettant en avant les enseignes locales. L\u2019espace \u00abCr\u00e9ateurs\u00bb a \u00e9galement drain\u00e9 une large audience, \u00e0 travers une exposition de collections de designers de renom, dont des laur\u00e9ats de l\u2019Academy de Mode Casablanca.<\/p>\n\n\n\n<p>Consid\u00e9r\u00e9 comme un acc\u00e9l\u00e9rateur de mises en relations BtoB, le Salon international du Textile s\u2019est distingu\u00e9 par un climat d\u2019affaires jug\u00e9 de qualit\u00e9 par les organisateurs, un carrefour d\u2019\u00e9changes privil\u00e9gi\u00e9s dans le secteur de l\u2019industrie du textile et de l\u2019habillement. En marge de l\u2019\u00e9v\u00e9nement, plusieurs conf\u00e9rences ont \u00e9t\u00e9 organis\u00e9es, anim\u00e9es par des experts du secteur, \u00e0 savoir Sarah Dadush de STTI (The Sustainable Terms of Trade Initiative); Gildas Minvielle, Directeur de l\u2019Observatoire \u00c9conomique au sein de l\u2019Institut Fran\u00e7ais de la Mode; Matthijs Crietee de l\u2019IAF (International Apparel Federation), Eleonore Richardson de l\u2019IFC (International Finance Corporation); Taha Ghazi, du minist\u00e8re marocain de l\u2019Industrie et du Commerce; et Mohamed Benjelloun de l\u2019AMDIE (Agence Marocaine de D\u00e9veloppement des Investissements et des Exportations).<\/p>\n\n\n\n<p>L\u2019Association Marocaine des Industries du Textile et de l\u2019Habillement est active depuis plus d\u2019un demi-si\u00e8cle avec pour mission de valoriser, d\u00e9fendre et assurer la mont\u00e9e en comp\u00e9tences du secteur textile-habillement dans le Royaume. Elle est le porte-\u00e9tendard de sa cr\u00e9ativit\u00e9, son dynamisme et son \u00e9volution et d\u00e9fend les int\u00e9r\u00eats de ses \u00e9cosyst\u00e8mes. De la formation \u00e0 la promotion, l\u2019AMITH int\u00e8gre \u00e9galement les normes de gouvernance environnementale et sociale \u00e0 l\u2019ensemble de ses proc\u00e9dures et de ses actions. Elle \u0153uvre au fil des jours \u00e0 accompagner ses membres dans leur processus de d\u00e9veloppement et d\u2019am\u00e9lioration. Dot\u00e9e d\u2019antennes r\u00e9gionales, l\u2019AMITH est pr\u00e9sente dans les principales r\u00e9gions \u00e0 vocation textile au Maroc afin d\u2019\u00eatre au plus pr\u00e8s des enjeux quotidiens de ses membres. Le groupement valorise et accompagne le textile Made in Morocco dans sa conqu\u00eate des march\u00e9s national et international et place les int\u00e9r\u00eats des travailleuses et des travailleurs du secteur au centre de ses pr\u00e9occupations.<\/p>\n","protected":false},"excerpt":{"rendered":"<p>Le MIM, Salon international du textile, organis\u00e9 par l\u2019AMITH (Association Marocaine des Industries du Textile et de l\u2019Habillement) du 10 au 12 mai courant \u00e0 Casablanca, a fait carton plein. Plus de 120 exposants nationaux et internationaux ont ainsi orn\u00e9 les 8.000 m\u00e8tres carr\u00e9s du Salon dont la majorit\u00e9 \u00e9tait compos\u00e9e d\u2019entreprises marocaines, repr\u00e9sentant l\u2019ensemble &hellip;<\/p>\n","protected":false},"author":9,"featured_media":22936,"comment_status":"open","ping_status":"closed","sticky":false,"template":"","format":"standard","meta":{"footnotes":""},"categories":[666],"tags":[],"class_list":["post-22935","post","type-post","status-publish","format-standard","has-post-thumbnail","hentry","category-textile"],"_links":{"self":[{"href":"https:\/\/letempsmag.ma\/index.php?rest_route=\/wp\/v2\/posts\/22935","targetHints":{"allow":["GET"]}}],"collection":[{"href":"https:\/\/letempsmag.ma\/index.php?rest_route=\/wp\/v2\/posts"}],"about":[{"href":"https:\/\/letempsmag.ma\/index.php?rest_route=\/wp\/v2\/types\/post"}],"author":[{"embeddable":true,"href":"https:\/\/letempsmag.ma\/index.php?rest_route=\/wp\/v2\/users\/9"}],"replies":[{"embeddable":true,"href":"https:\/\/letempsmag.ma\/index.php?rest_route=%2Fwp%2Fv2%2Fcomments&post=22935"}],"version-history":[{"count":1,"href":"https:\/\/letempsmag.ma\/index.php?rest_route=\/wp\/v2\/posts\/22935\/revisions"}],"predecessor-version":[{"id":22937,"href":"https:\/\/letempsmag.ma\/index.php?rest_route=\/wp\/v2\/posts\/22935\/revisions\/22937"}],"wp:featuredmedia":[{"embeddable":true,"href":"https:\/\/letempsmag.ma\/index.php?rest_route=\/wp\/v2\/media\/22936"}],"wp:attachment":[{"href":"https:\/\/letempsmag.ma\/index.php?rest_route=%2Fwp%2Fv2%2Fmedia&parent=22935"}],"wp:term":[{"taxonomy":"category","embeddable":true,"href":"https:\/\/letempsmag.ma\/index.php?rest_route=%2Fwp%2Fv2%2Fcategories&post=22935"},{"taxonomy":"post_tag","embeddable":true,"href":"https:\/\/letempsmag.ma\/index.php?rest_route=%2Fwp%2Fv2%2Ftags&post=22935"}],"curies":[{"name":"wp","href":"https:\/\/api.w.org\/{rel}","templated":true}]}}