{"id":22771,"date":"2023-05-11T12:47:00","date_gmt":"2023-05-11T11:47:00","guid":{"rendered":"https:\/\/letempsmag.ma\/?p=22771"},"modified":"2023-05-11T12:47:01","modified_gmt":"2023-05-11T11:47:01","slug":"lisbonne-abritera-demain-le-forum-economique-portugal-maroc","status":"publish","type":"post","link":"https:\/\/letempsmag.ma\/?p=22771","title":{"rendered":"Lisbonne abritera demain le Forum \u00e9conomique Portugal-Maroc"},"content":{"rendered":"\n<p>Un forum \u00e9conomique Portugal-Maroc se tiendra, demain 11 mai \u00e0 Lisbonne, \u00e0 l\u2019initiative de la Confedera\u00e7ao Empresarial de Portugal (CIP), la Agencia Para O Investimento E Com\u00e9rcio Externo de Portugal (AICEP), la Conf\u00e9d\u00e9ration G\u00e9n\u00e9rale des Entreprises du Maroc (CGEM) et l\u2019Agence Marocaine de D\u00e9veloppement des Investissements et des Exportations (AMDIE).<\/p>\n\n\n\n<p>Le Forum sera organis\u00e9 en marge de la Rencontre de Haut Niveau qui r\u00e9unira le Chef du gouvernement, Aziz Akhannouch, et le Premier ministre portugais, Antonio Costa, indique un communiqu\u00e9 de la CGEM.<\/p>\n\n\n\n<p>La rencontre verra la pr\u00e9sence d\u2019une d\u00e9l\u00e9gation compos\u00e9e d\u2019une centaine de chefs d\u2019entreprises marocaines et d\u2019op\u00e9rateurs \u00e9conomiques portugais Ce sera une occasion d\u2019\u00e9changer sur les leviers \u00e0 activer pour renforcer davantage la coop\u00e9ration \u00e9conomique et commerciale entre les deux pays, poursuit la m\u00eame source.<\/p>\n\n\n\n<p><strong>C. A.<\/strong><\/p>\n","protected":false},"excerpt":{"rendered":"<p>Un forum \u00e9conomique Portugal-Maroc se tiendra, demain 11 mai \u00e0 Lisbonne, \u00e0 l\u2019initiative de la Confedera\u00e7ao Empresarial de Portugal (CIP), la Agencia Para O Investimento E Com\u00e9rcio Externo de Portugal (AICEP), la Conf\u00e9d\u00e9ration G\u00e9n\u00e9rale des Entreprises du Maroc (CGEM) et l\u2019Agence Marocaine de D\u00e9veloppement des Investissements et des Exportations (AMDIE). Le Forum sera organis\u00e9 en &hellip;<\/p>\n","protected":false},"author":9,"featured_media":22772,"comment_status":"open","ping_status":"closed","sticky":false,"template":"","format":"standard","meta":{"footnotes":""},"categories":[158],"tags":[],"class_list":["post-22771","post","type-post","status-publish","format-standard","has-post-thumbnail","hentry","category-business"],"_links":{"self":[{"href":"https:\/\/letempsmag.ma\/index.php?rest_route=\/wp\/v2\/posts\/22771","targetHints":{"allow":["GET"]}}],"collection":[{"href":"https:\/\/letempsmag.ma\/index.php?rest_route=\/wp\/v2\/posts"}],"about":[{"href":"https:\/\/letempsmag.ma\/index.php?rest_route=\/wp\/v2\/types\/post"}],"author":[{"embeddable":true,"href":"https:\/\/letempsmag.ma\/index.php?rest_route=\/wp\/v2\/users\/9"}],"replies":[{"embeddable":true,"href":"https:\/\/letempsmag.ma\/index.php?rest_route=%2Fwp%2Fv2%2Fcomments&post=22771"}],"version-history":[{"count":1,"href":"https:\/\/letempsmag.ma\/index.php?rest_route=\/wp\/v2\/posts\/22771\/revisions"}],"predecessor-version":[{"id":22773,"href":"https:\/\/letempsmag.ma\/index.php?rest_route=\/wp\/v2\/posts\/22771\/revisions\/22773"}],"wp:featuredmedia":[{"embeddable":true,"href":"https:\/\/letempsmag.ma\/index.php?rest_route=\/wp\/v2\/media\/22772"}],"wp:attachment":[{"href":"https:\/\/letempsmag.ma\/index.php?rest_route=%2Fwp%2Fv2%2Fmedia&parent=22771"}],"wp:term":[{"taxonomy":"category","embeddable":true,"href":"https:\/\/letempsmag.ma\/index.php?rest_route=%2Fwp%2Fv2%2Fcategories&post=22771"},{"taxonomy":"post_tag","embeddable":true,"href":"https:\/\/letempsmag.ma\/index.php?rest_route=%2Fwp%2Fv2%2Ftags&post=22771"}],"curies":[{"name":"wp","href":"https:\/\/api.w.org\/{rel}","templated":true}]}}