{"id":22764,"date":"2023-05-11T12:45:19","date_gmt":"2023-05-11T11:45:19","guid":{"rendered":"https:\/\/letempsmag.ma\/?p=22764"},"modified":"2023-05-11T12:45:20","modified_gmt":"2023-05-11T11:45:20","slug":"le-groupe-americain-hexcel-inaugure-lextension-de-son-site-a-casablanca","status":"publish","type":"post","link":"https:\/\/letempsmag.ma\/?p=22764","title":{"rendered":"Le groupe am\u00e9ricain Hexcel inaugure l\u2019extension de son site \u00e0 Casablanca"},"content":{"rendered":"\n<p>En pr\u00e9sence du Ministre de l\u2019Industrie et du Commerce, Ryad Mezzour, le groupe am\u00e9ricain Hexcel Corporation, sp\u00e9cialis\u00e9 dans les mat\u00e9riaux composites, a inaugur\u00e9, hier mercredi, l\u2019extension de 13.000 m2 de son site de fabrication de \u00abnids d\u2019abeille\u00bb usin\u00e9es de Casablanca. Cette extension fait partie du programme d\u2019investissement d\u2019Hexcel global d\u00e9velopp\u00e9 pour diversifier et s\u00e9curiser la cha\u00eene d\u2019approvisionnement au niveau mondial.<\/p>\n\n\n\n<p>Adoss\u00e9 \u00e0 l\u2019usine existante dans la zone franche de Midparc, le nouveau b\u00e2timent permet de porter la superficie du site \u00e0 24.000 m2 avec un objectif global de 400 employ\u00e9s d\u2019ici \u00e0 2026.<\/p>\n\n\n\n<p>Depuis sa cr\u00e9ation en 2018, Hexcel Casablanca transforme les mat\u00e9riaux de \u00abnids d\u2019abeilles\u00bb l\u00e9gers en pi\u00e8ces usin\u00e9es pour renforcer des structures d\u2019avions, les nacelles de moteurs et les pales d\u2019h\u00e9licopt\u00e8res. Par ailleurs, le projet d\u2019installation de panneaux solaires sur le site vise \u00e0 couvrir plus de 20% de la consommation annuelle d\u2019\u00e9lectricit\u00e9 de l\u2019usine.<\/p>\n\n\n\n<p>Hexcel poursuit son engagement en faveur du d\u00e9veloppement durable pour atteindre ses objectifs \u00abRSE 2030\u00bb. \u00c0 cette occasion, le Pr\u00e9sident d\u2019Hexcel A\u00e9ronautique Europe, Asie Pacifique, Moyen Orient et Afrique, Thierry Merlot, a d\u00e9clar\u00e9&nbsp;: \u00abHexcel f\u00eate cette ann\u00e9e ses 75 ans. En effet en 1948, deux ing\u00e9nieurs ont d\u00e9velopp\u00e9 la technologie du \u00abnid d\u2019abeilles\u00bb, la mati\u00e8re premi\u00e8re de nos pi\u00e8ces usin\u00e9es Engineered Core du site de Casablanca. Je suis donc d\u2019autant plus ravi d\u2019inaugurer cette extension cette ann\u00e9e anniversaire, en pr\u00e9sence de nos clients, de Monsieur le Ministre de l\u2019Industrie et du Commerce et de tous les membres de la communaut\u00e9 locale que je remercie chaleureusement pour leur accompagnement depuis de nombreuses ann\u00e9es. La proximit\u00e9 et la confiance de nos clients, le soutien des autorit\u00e9s locales, la qualification de la main d\u2019\u0153uvre et l\u2019\u00e9cosyst\u00e8me a\u00e9ronautique de Casablanca ont \u00e9t\u00e9 des atouts majeurs dans la r\u00e9ussite de notre projet\u00bb.<\/p>\n\n\n\n<p>Ryad Mezzour, pour sa part, a d\u00e9clar\u00e9&nbsp;: \u00abLe projet d\u2019extension du groupe Hexcel est une preuve du succ\u00e8s de son implantation au Maroc et un fort signe de la dynamique actuellement en marche dans l\u2019industrie a\u00e9ronautique nationale. Le Maroc poursuit la consolidation de ses acquis pour s\u2019aligner avec les tendances du secteur a\u00e9ronautique mondial, et ce, dans la perspective de devenir une plaque tournante de l\u2019industrie a\u00e9ronautique au niveau r\u00e9gional et un acteur majeur au niveau international\u00bb.<\/p>\n\n\n\n<p>Pour sa part, le Pr\u00e9sident de Midparc, Hamid Benbrahim El Andaloussi, a affirm\u00e9&nbsp;: \u00abL\u2019extension du site d\u2019Hexcel que nous inaugurons aujourd\u2019hui, et qui double la taille de son implantation \u00e0 Midparc, est un acte de foi important de la base a\u00e9ronautique Maroc et de son potentiel de d\u00e9veloppement futur. Nous sommes fiers de la qualit\u00e9 du partenariat d\u00e9velopp\u00e9 depuis plus de 5 ans entre Hexcel et Midparc, qui confirme la pertinence du business model de Midparc\u00bb.<\/p>\n\n\n\n<p><strong>L. F.<\/strong><\/p>\n","protected":false},"excerpt":{"rendered":"<p>En pr\u00e9sence du Ministre de l\u2019Industrie et du Commerce, Ryad Mezzour, le groupe am\u00e9ricain Hexcel Corporation, sp\u00e9cialis\u00e9 dans les mat\u00e9riaux composites, a inaugur\u00e9, hier mercredi, l\u2019extension de 13.000 m2 de son site de fabrication de \u00abnids d\u2019abeille\u00bb usin\u00e9es de Casablanca. Cette extension fait partie du programme d\u2019investissement d\u2019Hexcel global d\u00e9velopp\u00e9 pour diversifier et s\u00e9curiser la &hellip;<\/p>\n","protected":false},"author":9,"featured_media":22765,"comment_status":"open","ping_status":"closed","sticky":false,"template":"","format":"standard","meta":{"footnotes":""},"categories":[82],"tags":[],"class_list":["post-22764","post","type-post","status-publish","format-standard","has-post-thumbnail","hentry","category-industrie"],"_links":{"self":[{"href":"https:\/\/letempsmag.ma\/index.php?rest_route=\/wp\/v2\/posts\/22764","targetHints":{"allow":["GET"]}}],"collection":[{"href":"https:\/\/letempsmag.ma\/index.php?rest_route=\/wp\/v2\/posts"}],"about":[{"href":"https:\/\/letempsmag.ma\/index.php?rest_route=\/wp\/v2\/types\/post"}],"author":[{"embeddable":true,"href":"https:\/\/letempsmag.ma\/index.php?rest_route=\/wp\/v2\/users\/9"}],"replies":[{"embeddable":true,"href":"https:\/\/letempsmag.ma\/index.php?rest_route=%2Fwp%2Fv2%2Fcomments&post=22764"}],"version-history":[{"count":1,"href":"https:\/\/letempsmag.ma\/index.php?rest_route=\/wp\/v2\/posts\/22764\/revisions"}],"predecessor-version":[{"id":22766,"href":"https:\/\/letempsmag.ma\/index.php?rest_route=\/wp\/v2\/posts\/22764\/revisions\/22766"}],"wp:featuredmedia":[{"embeddable":true,"href":"https:\/\/letempsmag.ma\/index.php?rest_route=\/wp\/v2\/media\/22765"}],"wp:attachment":[{"href":"https:\/\/letempsmag.ma\/index.php?rest_route=%2Fwp%2Fv2%2Fmedia&parent=22764"}],"wp:term":[{"taxonomy":"category","embeddable":true,"href":"https:\/\/letempsmag.ma\/index.php?rest_route=%2Fwp%2Fv2%2Fcategories&post=22764"},{"taxonomy":"post_tag","embeddable":true,"href":"https:\/\/letempsmag.ma\/index.php?rest_route=%2Fwp%2Fv2%2Ftags&post=22764"}],"curies":[{"name":"wp","href":"https:\/\/api.w.org\/{rel}","templated":true}]}}