{"id":22740,"date":"2023-05-10T10:31:54","date_gmt":"2023-05-10T09:31:54","guid":{"rendered":"https:\/\/letempsmag.ma\/?p=22740"},"modified":"2023-05-10T10:31:55","modified_gmt":"2023-05-10T09:31:55","slug":"lexposition-kourtna-sublime-la-passion-marocaine-pour-le-football","status":"publish","type":"post","link":"https:\/\/letempsmag.ma\/?p=22740","title":{"rendered":"L\u2019exposition \u00abKourtna\u00bb sublime la passion marocaine pour le football"},"content":{"rendered":"\n<p>Le Mus\u00e9e National de la Photographie de Rabat a accueilli, hier mardi, le vernissage de l&#8217;exposition \u00abKourtna\u00bb, qui retranscrit l\u2019amour inconditionnel des Marocains pour le ballon rond. C\u2019est une exposition haute en couleurs qui pr\u00e9sente une s\u00e9lection de photos o\u00f9 le regard singulier de chaque photographe apporte une dimension artistique sur les pratiques footballistiques nationales, refl\u00e9tant la fascination que suscite ce sport aupr\u00e8s de toute une nation.<\/p>\n\n\n\n<p>Con\u00e7ue pour illustrer l\u2019impact du football au Maroc, l\u2019exposition est ouverte au grand public d\u00e8s aujourd\u2019hui 10 mai et se veut une occasion unique pour les nostalgiques et pour les passionn\u00e9s d\u2019art et de football, de revenir sur les sc\u00e8nes de liesse populaire ayant anim\u00e9 le Royaume en d\u00e9cembre 2022, lors de la Coupe du Monde au Qatar, et de renforcer, \u00e0 travers l\u2019art, la place du Maroc comme nation de football.<\/p>\n\n\n\n<p>\u00c0 travers les regards de 15 photographes et artistes contemporains marocains, cette exposition est un happening vivant, incarnant la passion du peuple pour le football \u00e0 travers des photographies, des installations et des sonorit\u00e9s. En effet, le visiteur se retrouve rapidement immerg\u00e9 dans une exp\u00e9rience unique o\u00f9 il d\u00e9couvre la singularit\u00e9 du football marocain, pratiqu\u00e9 sur la plage ou dans des terrains vagues, en ville comme \u00e0 la campagne, mais toujours avec une grande ferveur.<\/p>\n\n\n\n<p>Le parcours de l\u2019exposition se poursuit par ailleurs avec un focus sur le dernier exploit de la s\u00e9lection nationale lors du Mondial 2022 au Qatar, gr\u00e2ce \u00e0 des photographies qui \u00e9voquent l\u2019intensit\u00e9 de cette aventure sportive. \u00c0 cette occasion, le Pr\u00e9sident de la Fondation Nationale des Mus\u00e9es, Mehdi Qotbi, a rappel\u00e9 que \u00able football est aujourd\u2019hui un langage universel\u00bb que le Conservateur du Mus\u00e9e et Commissaire de l\u2019exposition, Soufiane Er-Rahoui, a souhait\u00e9 \u00abfaire c\u00e9l\u00e9brer avec le regard des jeunes\u00bb. Et Mehdi Qotbi de pr\u00e9ciser que \u00abLes mus\u00e9es sont un \u00e9l\u00e9ment essentiel de dialogue et de communication avec les uns et les autres\u00bb. (Photo&nbsp;: Hespress).<\/p>\n\n\n\n<p><strong>L. F.<\/strong><\/p>\n","protected":false},"excerpt":{"rendered":"<p>Le Mus\u00e9e National de la Photographie de Rabat a accueilli, hier mardi, le vernissage de l&#8217;exposition \u00abKourtna\u00bb, qui retranscrit l\u2019amour inconditionnel des Marocains pour le ballon rond. C\u2019est une exposition haute en couleurs qui pr\u00e9sente une s\u00e9lection de photos o\u00f9 le regard singulier de chaque photographe apporte une dimension artistique sur les pratiques footballistiques nationales, &hellip;<\/p>\n","protected":false},"author":9,"featured_media":22741,"comment_status":"open","ping_status":"closed","sticky":false,"template":"","format":"standard","meta":{"footnotes":""},"categories":[51],"tags":[],"class_list":["post-22740","post","type-post","status-publish","format-standard","has-post-thumbnail","hentry","category-culture"],"_links":{"self":[{"href":"https:\/\/letempsmag.ma\/index.php?rest_route=\/wp\/v2\/posts\/22740","targetHints":{"allow":["GET"]}}],"collection":[{"href":"https:\/\/letempsmag.ma\/index.php?rest_route=\/wp\/v2\/posts"}],"about":[{"href":"https:\/\/letempsmag.ma\/index.php?rest_route=\/wp\/v2\/types\/post"}],"author":[{"embeddable":true,"href":"https:\/\/letempsmag.ma\/index.php?rest_route=\/wp\/v2\/users\/9"}],"replies":[{"embeddable":true,"href":"https:\/\/letempsmag.ma\/index.php?rest_route=%2Fwp%2Fv2%2Fcomments&post=22740"}],"version-history":[{"count":1,"href":"https:\/\/letempsmag.ma\/index.php?rest_route=\/wp\/v2\/posts\/22740\/revisions"}],"predecessor-version":[{"id":22742,"href":"https:\/\/letempsmag.ma\/index.php?rest_route=\/wp\/v2\/posts\/22740\/revisions\/22742"}],"wp:featuredmedia":[{"embeddable":true,"href":"https:\/\/letempsmag.ma\/index.php?rest_route=\/wp\/v2\/media\/22741"}],"wp:attachment":[{"href":"https:\/\/letempsmag.ma\/index.php?rest_route=%2Fwp%2Fv2%2Fmedia&parent=22740"}],"wp:term":[{"taxonomy":"category","embeddable":true,"href":"https:\/\/letempsmag.ma\/index.php?rest_route=%2Fwp%2Fv2%2Fcategories&post=22740"},{"taxonomy":"post_tag","embeddable":true,"href":"https:\/\/letempsmag.ma\/index.php?rest_route=%2Fwp%2Fv2%2Ftags&post=22740"}],"curies":[{"name":"wp","href":"https:\/\/api.w.org\/{rel}","templated":true}]}}