{"id":22737,"date":"2023-05-10T10:31:08","date_gmt":"2023-05-10T09:31:08","guid":{"rendered":"https:\/\/letempsmag.ma\/?p=22737"},"modified":"2023-05-10T10:31:09","modified_gmt":"2023-05-10T09:31:09","slug":"ledition-inaugurale-de-rabat-design-week-souvre-aujourdhui","status":"publish","type":"post","link":"https:\/\/letempsmag.ma\/?p=22737","title":{"rendered":"L\u2019\u00e9dition inaugurale de Rabat Design Week s\u2019ouvre aujourd\u2019hui"},"content":{"rendered":"\n<p>La premi\u00e8re \u00e9dition de Rabat Design Week 2023 se tient \u00e0 partir d\u2019aujourd\u2019hui 10 jusqu\u2019au 20 mai courant en pr\u00e9sence d\u2019\u00e9minents invit\u00e9s internationaux pour c\u00e9l\u00e9brer le design et la culture africaine. Plac\u00e9 sous le haut patronage de S.M. le Roi Mohammed VI, dans le cadre du programme Rabat Capitale Africaine de la Culture 2022-2023, cet \u00e9v\u00e9nement est organis\u00e9 par le minist\u00e8re de la Jeunesse de la Culture et de la Communication en collaboration avec le designer international marocain Hicham Lahlou, Commissaire de cette premi\u00e8re \u00e9dition de Rabat Design Week et par ailleurs Envoy\u00e9 Sp\u00e9cial et Conseiller R\u00e9gion MENA et Afrique du Pr\u00e9sident de la World Design Organization (WDO).<\/p>\n\n\n\n<p>Rabat Design Week 2023 propose deux \u00e9v\u00e9nements majeurs qui r\u00e9uniront des acteurs internationaux du design et de la culture. Le premier \u00e9v\u00e9nement est une exposition in\u00e9dite intitul\u00e9e \u00abWorld Design Organization, 65 ans d\u2019histoire\u00bb \u00e0 la galerie \u00abEspaces Expressions\u00bb de la Fondation CDG (du 11 au 20 mai 2023), pr\u00e9cise un communiqu\u00e9 qui rappelle que le vernissage a lieu aujourd\u2019hui \u00e0 19h sur invitation et en pr\u00e9sence du Pr\u00e9sident de la World Design Organization, David Kusuma (\u00c9tats-Unis), du Premier Pr\u00e9sident africain de la WDO (2015-2017) le Pr Mugendi M\u2019Rithaa (Kenya), et de grands noms du design mondial tels qu\u2019Anne Asencio (France), Pier Paolo Perrucio (Italie) et Bertrand Derome (Canada).<\/p>\n\n\n\n<p>Demain 11 mai, une conf\u00e9rence \u00abWorld Design Talks\u00bb se tiendra en partenariat avec la WDO, rassemblant des experts et professionnels du design venus du monde entier. En fin de journ\u00e9e, une c\u00e9r\u00e9monie de remise des Prix \u00abMorocco Design Awards\u00bb et \u00abAfrica Design Award\u00bb est pr\u00e9vue pour r\u00e9compenser les meilleures r\u00e9alisations dans le domaine du design au Maroc et en Afrique.<\/p>\n\n\n\n<p>Cet important rendez-vous positionne le Maroc au centre du design mondial et met en avant la richesse de la culture africaine, contribuant ainsi \u00e0 renforcer l\u2019identit\u00e9 culturelle et artistique de Rabat en tant que Capitale Africaine de la Culture.<\/p>\n\n\n\n<p><strong>C. A.<\/strong><\/p>\n","protected":false},"excerpt":{"rendered":"<p>La premi\u00e8re \u00e9dition de Rabat Design Week 2023 se tient \u00e0 partir d\u2019aujourd\u2019hui 10 jusqu\u2019au 20 mai courant en pr\u00e9sence d\u2019\u00e9minents invit\u00e9s internationaux pour c\u00e9l\u00e9brer le design et la culture africaine. Plac\u00e9 sous le haut patronage de S.M. le Roi Mohammed VI, dans le cadre du programme Rabat Capitale Africaine de la Culture 2022-2023, cet &hellip;<\/p>\n","protected":false},"author":9,"featured_media":22738,"comment_status":"open","ping_status":"closed","sticky":false,"template":"","format":"standard","meta":{"footnotes":""},"categories":[197],"tags":[],"class_list":["post-22737","post","type-post","status-publish","format-standard","has-post-thumbnail","hentry","category-creation"],"_links":{"self":[{"href":"https:\/\/letempsmag.ma\/index.php?rest_route=\/wp\/v2\/posts\/22737","targetHints":{"allow":["GET"]}}],"collection":[{"href":"https:\/\/letempsmag.ma\/index.php?rest_route=\/wp\/v2\/posts"}],"about":[{"href":"https:\/\/letempsmag.ma\/index.php?rest_route=\/wp\/v2\/types\/post"}],"author":[{"embeddable":true,"href":"https:\/\/letempsmag.ma\/index.php?rest_route=\/wp\/v2\/users\/9"}],"replies":[{"embeddable":true,"href":"https:\/\/letempsmag.ma\/index.php?rest_route=%2Fwp%2Fv2%2Fcomments&post=22737"}],"version-history":[{"count":1,"href":"https:\/\/letempsmag.ma\/index.php?rest_route=\/wp\/v2\/posts\/22737\/revisions"}],"predecessor-version":[{"id":22739,"href":"https:\/\/letempsmag.ma\/index.php?rest_route=\/wp\/v2\/posts\/22737\/revisions\/22739"}],"wp:featuredmedia":[{"embeddable":true,"href":"https:\/\/letempsmag.ma\/index.php?rest_route=\/wp\/v2\/media\/22738"}],"wp:attachment":[{"href":"https:\/\/letempsmag.ma\/index.php?rest_route=%2Fwp%2Fv2%2Fmedia&parent=22737"}],"wp:term":[{"taxonomy":"category","embeddable":true,"href":"https:\/\/letempsmag.ma\/index.php?rest_route=%2Fwp%2Fv2%2Fcategories&post=22737"},{"taxonomy":"post_tag","embeddable":true,"href":"https:\/\/letempsmag.ma\/index.php?rest_route=%2Fwp%2Fv2%2Ftags&post=22737"}],"curies":[{"name":"wp","href":"https:\/\/api.w.org\/{rel}","templated":true}]}}