{"id":22734,"date":"2023-05-10T10:28:31","date_gmt":"2023-05-10T09:28:31","guid":{"rendered":"https:\/\/letempsmag.ma\/?p=22734"},"modified":"2023-05-10T10:28:32","modified_gmt":"2023-05-10T09:28:32","slug":"la-remise-du-prix-dexcellence-des-medias-arabes-aura-lieu-le-21-juin-a-rabat","status":"publish","type":"post","link":"https:\/\/letempsmag.ma\/?p=22734","title":{"rendered":"La remise du Prix d&#8217;excellence des m\u00e9dias arabes aura lieu le 21 juin \u00e0 Rabat"},"content":{"rendered":"\n<p>La Ligue Arabe a annonc\u00e9 que le Prix d&#8217;excellence des m\u00e9dias arabes sera remis aux laur\u00e9ats \u00e0 l&#8217;occasion de la 53<sup>\u00e8me<\/sup> session ordinaire du Conseil des Ministres arabes de l&#8217;Information, qui se tiendra le 21 juin prochain \u00e0 Rabat.<\/p>\n\n\n\n<p>Le Secr\u00e9taire G\u00e9n\u00e9ral Adjoint charg\u00e9 du d\u00e9partement des M\u00e9dias et de la Communication de la Ligue Arabe, Ahmed Rachid Khattabi, a d\u00e9clar\u00e9 que le nombre total de candidatures pour le Prix d&#8217;excellence des m\u00e9dias arabes s&#8217;\u00e9levait \u00e0 107 dans diverses cat\u00e9gories, qui comprennent les \u0153uvres t\u00e9l\u00e9visuelles (22), les \u0153uvres radiophoniques (22), la presse \u00e9crite (39) et les m\u00e9dias num\u00e9riques (15), ainsi que 9 personnalit\u00e9s et institutions nomin\u00e9es pour un hommage.<\/p>\n\n\n\n<p>Ahmed Rachid Khattabi a soulign\u00e9 que ce grand nombre de candidatures refl\u00e8te l&#8217;ampleur de l&#8217;int\u00e9r\u00eat port\u00e9 \u00e0 la question de la diffusion de la culture environnementale par les \u00e9lites m\u00e9diatiques dans la r\u00e9gion arabe, qui est devenue une destination majeure pour la coop\u00e9ration multilat\u00e9rale sur les questions environnementales et le changement climatique. Il a ajout\u00e9 que, partant des missions assign\u00e9es au Secr\u00e9tariat Technique du Conseil des Ministres arabes de l&#8217;Information au sujet du secteur des m\u00e9dias et de la communication, et conform\u00e9ment aux dispositions permanentes du r\u00e8glement int\u00e9rieur des m\u00e9dias arabes, il a \u00e9t\u00e9 demand\u00e9 aux acteurs des m\u00e9dias dans les \u00c9tats membres de la Ligue Arabe de soumettre des candidatures ax\u00e9es sur le th\u00e8me des m\u00e9dias environnementaux. Il a \u00e9t\u00e9 proc\u00e9d\u00e9, dans ce sens, \u00e0 la promotion du Prix via le site Web de la Ligue Arabe.<\/p>\n\n\n\n<p>Ahmed Rachid Khattabi a par ailleurs rappel\u00e9 que le Prix d&#8217;excellence des m\u00e9dias arabes a \u00e9t\u00e9 cr\u00e9\u00e9 conform\u00e9ment \u00e0 la r\u00e9solution \u00ab409\u00bb \u00e9mise lors de la 46<sup>\u00e8me<\/sup> session du Conseil des Ministres arabes de l&#8217;Information, tenue en 2016, dans le but de souligner le r\u00f4le constructif jou\u00e9 par les m\u00e9dias arabes et de jeter la lumi\u00e8re sur les mod\u00e8les de m\u00e9dias cr\u00e9atifs singuliers.<\/p>\n\n\n\n<p>Le choix du Maroc pour abriter ce genre de rencontres d\u00e9coule du r\u00f4le pionnier que joue le Royaume sous le leadership de S.M. le Roi Mohammed VI dans l&#8217;action arabe commune et du fait que le Maroc est devenu une destination d&#8217;accueil de rencontres et d&#8217;\u00e9v\u00e9nements li\u00e9s \u00e0 la coop\u00e9ration multilat\u00e9rale.<\/p>\n","protected":false},"excerpt":{"rendered":"<p>La Ligue Arabe a annonc\u00e9 que le Prix d&#8217;excellence des m\u00e9dias arabes sera remis aux laur\u00e9ats \u00e0 l&#8217;occasion de la 53\u00e8me session ordinaire du Conseil des Ministres arabes de l&#8217;Information, qui se tiendra le 21 juin prochain \u00e0 Rabat. Le Secr\u00e9taire G\u00e9n\u00e9ral Adjoint charg\u00e9 du d\u00e9partement des M\u00e9dias et de la Communication de la Ligue &hellip;<\/p>\n","protected":false},"author":9,"featured_media":22735,"comment_status":"open","ping_status":"closed","sticky":false,"template":"","format":"standard","meta":{"footnotes":""},"categories":[59],"tags":[],"class_list":["post-22734","post","type-post","status-publish","format-standard","has-post-thumbnail","hentry","category-communication"],"_links":{"self":[{"href":"https:\/\/letempsmag.ma\/index.php?rest_route=\/wp\/v2\/posts\/22734","targetHints":{"allow":["GET"]}}],"collection":[{"href":"https:\/\/letempsmag.ma\/index.php?rest_route=\/wp\/v2\/posts"}],"about":[{"href":"https:\/\/letempsmag.ma\/index.php?rest_route=\/wp\/v2\/types\/post"}],"author":[{"embeddable":true,"href":"https:\/\/letempsmag.ma\/index.php?rest_route=\/wp\/v2\/users\/9"}],"replies":[{"embeddable":true,"href":"https:\/\/letempsmag.ma\/index.php?rest_route=%2Fwp%2Fv2%2Fcomments&post=22734"}],"version-history":[{"count":1,"href":"https:\/\/letempsmag.ma\/index.php?rest_route=\/wp\/v2\/posts\/22734\/revisions"}],"predecessor-version":[{"id":22736,"href":"https:\/\/letempsmag.ma\/index.php?rest_route=\/wp\/v2\/posts\/22734\/revisions\/22736"}],"wp:featuredmedia":[{"embeddable":true,"href":"https:\/\/letempsmag.ma\/index.php?rest_route=\/wp\/v2\/media\/22735"}],"wp:attachment":[{"href":"https:\/\/letempsmag.ma\/index.php?rest_route=%2Fwp%2Fv2%2Fmedia&parent=22734"}],"wp:term":[{"taxonomy":"category","embeddable":true,"href":"https:\/\/letempsmag.ma\/index.php?rest_route=%2Fwp%2Fv2%2Fcategories&post=22734"},{"taxonomy":"post_tag","embeddable":true,"href":"https:\/\/letempsmag.ma\/index.php?rest_route=%2Fwp%2Fv2%2Ftags&post=22734"}],"curies":[{"name":"wp","href":"https:\/\/api.w.org\/{rel}","templated":true}]}}