{"id":22731,"date":"2023-05-10T10:27:48","date_gmt":"2023-05-10T09:27:48","guid":{"rendered":"https:\/\/letempsmag.ma\/?p=22731"},"modified":"2023-05-10T10:27:49","modified_gmt":"2023-05-10T09:27:49","slug":"fondation-ocp-2022-aura-ete-une-annee-de-pleine-mobilisation","status":"publish","type":"post","link":"https:\/\/letempsmag.ma\/?p=22731","title":{"rendered":"Fondation OCP\u00a0: 2022 aura \u00e9t\u00e9 une ann\u00e9e de pleine mobilisation"},"content":{"rendered":"\n<p>2022 a \u00e9t\u00e9 pour la Fondation OCP une nouvelle ann\u00e9e de mobilisation de toutes ses \u00e9quipes, au Maroc et au-del\u00e0 des fronti\u00e8res, pour accompagner au mieux ses communaut\u00e9s dans les domaines de l\u2019innovation sociale, de la Recherche et D\u00e9veloppement, de la lutte contre les menaces climatiques et de l\u2019\u00e9ducation.<\/p>\n\n\n\n<p>Dans son rapport d\u2019activit\u00e9 au titre de l\u2019ann\u00e9e 2022, la Fondation met en avant sa participation au renforcement d\u2019une dynamique sociale toujours plus inclusive et innovante. \u00abEn reconnaissant la force de la collaboration et de l\u2019engagement mutuel, la Fondation OCP participe \u00e0 la cr\u00e9ation de changements durables et significatifs au Maroc et dans plusieurs pays du Sud. L\u2019action collective se met au service du d\u00e9veloppement \u00e9conomique et social, de la promotion des pratiques de vie durables et renforce la r\u00e9silience\u00bb, fait savoir la m\u00eame source.<\/p>\n\n\n\n<p>En engageant un dialogue constructif, la Fondation OCP travaille \u00e0 instaurer la confiance et la compr\u00e9hension, ce qui conduit \u00e0 des relations plus solides, \u00e0 une plus grande responsabilisation et \u00e0 un sentiment de propri\u00e9t\u00e9 partag\u00e9e par son \u00e9cosyst\u00e8me interne et externe. La m\u00eame source rappelle&nbsp;: \u00abNous \u0153uvrons \u00e0 favoriser la concertation et \u00e0 co-cr\u00e9er des solutions aux d\u00e9fis locaux, mais aussi nationaux et internationaux. La collaboration nous am\u00e8ne \u00e0 mettre en commun nos ressources et celles de notre \u00e9cosyst\u00e8me et \u00e0 partager nos connaissances et nos savoirs pour cr\u00e9er le changement et instaurer la justice sociale, \u00e9conomique et environnementale\u00bb.<\/p>\n\n\n\n<p>En capitalisant sur une relation d\u2019\u00e9quipiers, la Fondation OCP cr\u00e9e l\u2019autonomie au sein de ses communaut\u00e9s et favorise un environnement fort et s\u00fbr. Par un dialogue engag\u00e9, des outils innovants et un engagement in\u00e9branlable envers ses objectifs communs, ses communaut\u00e9s ont ainsi la capacit\u00e9 et les moyens de devenir autonomes et r\u00e9silientes.<\/p>\n\n\n\n<p>\u00abL\u2019intelligence collective et la coop\u00e9ration sont, pour nous, les cl\u00e9s pour transformer notre mod\u00e8le en favorisant l\u2019essaimage de l\u2019innovation sociale. Ainsi, les initiatives d\u00e9velopp\u00e9es, mises en \u0153uvre de fa\u00e7on it\u00e9rative, contribuent \u00e0 l\u2019autonomisation de tous les acteurs mobilis\u00e9s et cr\u00e9ent un impact positif durable av\u00e9r\u00e9\u00bb, indique la Fondation OCP dans un communiqu\u00e9. Et de poursuivre&nbsp;: \u00abNous cr\u00e9ons la confiance et nous nous soutenons mutuellement afin de garantir un avenir meilleur pour tous. Ensemble, nous lib\u00e9rons les potentiels pour renforcer l\u2019autonomie et la r\u00e9silience des communaut\u00e9s\u00bb.<\/p>\n\n\n\n<p>Voici, par ailleurs, les principaux chiffres-cl\u00e9s de la Fondation OCP au titre de l\u2019ann\u00e9e 2022&nbsp;:<\/p>\n\n\n\n<p>&#8211; 265 projets r\u00e9alis\u00e9s.<\/p>\n\n\n\n<p>&#8211; 190 projets soutenus dans le cadre de 12 fonds en partenariat avec des institutions au Maroc et en Afrique.<\/p>\n\n\n\n<p>&#8211; Accompagnement de 600 coop\u00e9ratives marocaines r\u00e9cemment cr\u00e9\u00e9es.<\/p>\n\n\n\n<p>&#8211; 5,4 millions d\u2019hectares cartographi\u00e9s dans 8 pays africains.<\/p>\n\n\n\n<p>&#8211; 3.323 bourses financ\u00e9es \u00e0 travers la FIRSI (Fondation Ibn Rochd pour les Sciences et l\u2019Innovation).<\/p>\n\n\n\n<p>&#8211; 600 \u00e9coles parrain\u00e9es.<\/p>\n\n\n\n<p>&#8211; 16 partenaires associatifs accompagnant plus de 5.000 b\u00e9n\u00e9ficiaires en situation vuln\u00e9rable.<\/p>\n\n\n\n<p>(Photo&nbsp;: aujourdhui.ma)<\/p>\n","protected":false},"excerpt":{"rendered":"<p>2022 a \u00e9t\u00e9 pour la Fondation OCP une nouvelle ann\u00e9e de mobilisation de toutes ses \u00e9quipes, au Maroc et au-del\u00e0 des fronti\u00e8res, pour accompagner au mieux ses communaut\u00e9s dans les domaines de l\u2019innovation sociale, de la Recherche et D\u00e9veloppement, de la lutte contre les menaces climatiques et de l\u2019\u00e9ducation. Dans son rapport d\u2019activit\u00e9 au titre &hellip;<\/p>\n","protected":false},"author":9,"featured_media":22732,"comment_status":"open","ping_status":"closed","sticky":false,"template":"","format":"standard","meta":{"footnotes":""},"categories":[448],"tags":[],"class_list":["post-22731","post","type-post","status-publish","format-standard","has-post-thumbnail","hentry","category-engagement-citoyen"],"_links":{"self":[{"href":"https:\/\/letempsmag.ma\/index.php?rest_route=\/wp\/v2\/posts\/22731","targetHints":{"allow":["GET"]}}],"collection":[{"href":"https:\/\/letempsmag.ma\/index.php?rest_route=\/wp\/v2\/posts"}],"about":[{"href":"https:\/\/letempsmag.ma\/index.php?rest_route=\/wp\/v2\/types\/post"}],"author":[{"embeddable":true,"href":"https:\/\/letempsmag.ma\/index.php?rest_route=\/wp\/v2\/users\/9"}],"replies":[{"embeddable":true,"href":"https:\/\/letempsmag.ma\/index.php?rest_route=%2Fwp%2Fv2%2Fcomments&post=22731"}],"version-history":[{"count":1,"href":"https:\/\/letempsmag.ma\/index.php?rest_route=\/wp\/v2\/posts\/22731\/revisions"}],"predecessor-version":[{"id":22733,"href":"https:\/\/letempsmag.ma\/index.php?rest_route=\/wp\/v2\/posts\/22731\/revisions\/22733"}],"wp:featuredmedia":[{"embeddable":true,"href":"https:\/\/letempsmag.ma\/index.php?rest_route=\/wp\/v2\/media\/22732"}],"wp:attachment":[{"href":"https:\/\/letempsmag.ma\/index.php?rest_route=%2Fwp%2Fv2%2Fmedia&parent=22731"}],"wp:term":[{"taxonomy":"category","embeddable":true,"href":"https:\/\/letempsmag.ma\/index.php?rest_route=%2Fwp%2Fv2%2Fcategories&post=22731"},{"taxonomy":"post_tag","embeddable":true,"href":"https:\/\/letempsmag.ma\/index.php?rest_route=%2Fwp%2Fv2%2Ftags&post=22731"}],"curies":[{"name":"wp","href":"https:\/\/api.w.org\/{rel}","templated":true}]}}