{"id":22728,"date":"2023-05-10T10:27:03","date_gmt":"2023-05-10T09:27:03","guid":{"rendered":"https:\/\/letempsmag.ma\/?p=22728"},"modified":"2023-05-10T10:27:04","modified_gmt":"2023-05-10T09:27:04","slug":"menara-prefa-sengage-avec-le-conseil-regional-de-lordre-des-architectes-de-marrakech-safi","status":"publish","type":"post","link":"https:\/\/letempsmag.ma\/?p=22728","title":{"rendered":"M\u00e9nara Pr\u00e9fa s\u2019engage avec le Conseil R\u00e9gional de l\u2019Ordre des Architectes de Marrakech-Safi"},"content":{"rendered":"\n<p>M\u00e9nara Pr\u00e9fa, pr\u00e9sid\u00e9e par Mohamed Zahid, et le Conseil R\u00e9gional de l\u2019Ordre des Architectes de Marrakech-Safi, Pr\u00e9sid\u00e9 par Jawad El Basri, ont sign\u00e9 r\u00e9cemment une convention de partenariat pour d\u00e9velopper des projets autour d\u2019un enjeu commun&nbsp;: la mise en valeur architecturale, urbaine et paysag\u00e8re de la r\u00e9gion Marrakech-Safi.<\/p>\n\n\n\n<p>Cette convention vise \u00e0 encadrer le partenariat entre les deux parties, traitant des sujets autour d\u2019une r\u00e9flexion commune sur l\u2019avenir architectural, urbain et paysager de la r\u00e9gion&nbsp;: pr\u00e9occupation de l\u2019architecture de la r\u00e9gion, r\u00e9habilitation du patrimoine, utilisation de mat\u00e9riaux innovants, am\u00e9nagement des espaces publics, encouragement au vivre-ensemble&#8230;<\/p>\n\n\n\n<p>\u00c0 travers cette collaboration, les deux parties s\u2019engagent \u00e0 se soutenir mutuellement par l\u2019apport de leurs expertises et leur savoir-faire afin favoriser l&#8217;\u00e9mergence de nouveaux projets et de bonnes initiatives en faveur du secteur.<\/p>\n\n\n\n<p>M\u00e9nara Pr\u00e9fa est filiale du groupe M\u00e9nara Holding et a pour principale activit\u00e9 la production de pr\u00e9fabriqu\u00e9s en b\u00e9ton&nbsp;: pav\u00e9s, dalles, bordures de trottoirs, agglos, hourdis, poutrelles pr\u00e9contraintes, b\u00e9ton pr\u00eat \u00e0 l\u2019emploi&#8230; Avec l\u2019innovation comme axe strat\u00e9gique, l\u2019entreprise met en \u0153uvre son savoir-faire pour r\u00e9pondre aux attentes du secteur du BTP par le d\u00e9veloppement de nouvelles solutions constructives.<\/p>\n\n\n\n<p>Pour sa part, le Conseil R\u00e9gional de l\u2019Ordre des Architectes de Marrakech-Safi est l\u2019instance ordinale au niveau r\u00e9gional, charg\u00e9e par les pouvoirs publics de repr\u00e9senter les int\u00e9r\u00eats de la profession et d\u2019assurer sa discipline interne. Il r\u00e9unit les architectes exer\u00e7ant sous diff\u00e9rentes formes et dans diff\u00e9rents secteurs au niveau r\u00e9gional.<\/p>\n","protected":false},"excerpt":{"rendered":"<p>M\u00e9nara Pr\u00e9fa, pr\u00e9sid\u00e9e par Mohamed Zahid, et le Conseil R\u00e9gional de l\u2019Ordre des Architectes de Marrakech-Safi, Pr\u00e9sid\u00e9 par Jawad El Basri, ont sign\u00e9 r\u00e9cemment une convention de partenariat pour d\u00e9velopper des projets autour d\u2019un enjeu commun&nbsp;: la mise en valeur architecturale, urbaine et paysag\u00e8re de la r\u00e9gion Marrakech-Safi. Cette convention vise \u00e0 encadrer le partenariat &hellip;<\/p>\n","protected":false},"author":9,"featured_media":22729,"comment_status":"open","ping_status":"closed","sticky":false,"template":"","format":"standard","meta":{"footnotes":""},"categories":[423],"tags":[],"class_list":["post-22728","post","type-post","status-publish","format-standard","has-post-thumbnail","hentry","category-btp"],"_links":{"self":[{"href":"https:\/\/letempsmag.ma\/index.php?rest_route=\/wp\/v2\/posts\/22728","targetHints":{"allow":["GET"]}}],"collection":[{"href":"https:\/\/letempsmag.ma\/index.php?rest_route=\/wp\/v2\/posts"}],"about":[{"href":"https:\/\/letempsmag.ma\/index.php?rest_route=\/wp\/v2\/types\/post"}],"author":[{"embeddable":true,"href":"https:\/\/letempsmag.ma\/index.php?rest_route=\/wp\/v2\/users\/9"}],"replies":[{"embeddable":true,"href":"https:\/\/letempsmag.ma\/index.php?rest_route=%2Fwp%2Fv2%2Fcomments&post=22728"}],"version-history":[{"count":1,"href":"https:\/\/letempsmag.ma\/index.php?rest_route=\/wp\/v2\/posts\/22728\/revisions"}],"predecessor-version":[{"id":22730,"href":"https:\/\/letempsmag.ma\/index.php?rest_route=\/wp\/v2\/posts\/22728\/revisions\/22730"}],"wp:featuredmedia":[{"embeddable":true,"href":"https:\/\/letempsmag.ma\/index.php?rest_route=\/wp\/v2\/media\/22729"}],"wp:attachment":[{"href":"https:\/\/letempsmag.ma\/index.php?rest_route=%2Fwp%2Fv2%2Fmedia&parent=22728"}],"wp:term":[{"taxonomy":"category","embeddable":true,"href":"https:\/\/letempsmag.ma\/index.php?rest_route=%2Fwp%2Fv2%2Fcategories&post=22728"},{"taxonomy":"post_tag","embeddable":true,"href":"https:\/\/letempsmag.ma\/index.php?rest_route=%2Fwp%2Fv2%2Ftags&post=22728"}],"curies":[{"name":"wp","href":"https:\/\/api.w.org\/{rel}","templated":true}]}}