{"id":22613,"date":"2023-05-03T12:29:35","date_gmt":"2023-05-03T11:29:35","guid":{"rendered":"https:\/\/letempsmag.ma\/?p=22613"},"modified":"2023-05-03T12:33:57","modified_gmt":"2023-05-03T11:33:57","slug":"le-siam-entre-definitivement-dans-lagenda-des-grands-salons-du-monde","status":"publish","type":"post","link":"https:\/\/letempsmag.ma\/?p=22613","title":{"rendered":"Le SIAM entre d\u00e9finitivement dans l&#8217;agenda des grands Salons du monde"},"content":{"rendered":"\n<p>Le Commissaire G\u00e9n\u00e9ral du SIAM (Salon International de l&#8217;Agriculture au Maroc), Jaouad Chami (en chemise bleue sur la photo), a affirm\u00e9 lors de l\u2019inauguration hier du Salon \u00e0 Mekn\u00e8s, que cette 15<sup>\u00e8me<\/sup> \u00e9dition a r\u00e9ussi \u00e0 tracer sa voie et \u00e0 entrer d\u00e9finitivement dans l&#8217;agenda des grands Salons du monde. S&#8217;exprimant dans une d\u00e9claration \u00e0 la presse \u00e0 l&#8217;issue de la premi\u00e8re journ\u00e9e du SIAM, qui est plac\u00e9 cette ann\u00e9e sous le th\u00e8me \u00abG\u00e9n\u00e9ration Green&nbsp;: pour une souverainet\u00e9 alimentaire durable\u00bb, le haut responsable a pr\u00e9cis\u00e9 que ce happening international de l&#8217;agriculture, compos\u00e9e de 10 p\u00f4les, totalisant 1.376 stands, confirme le succ\u00e8s de cette rencontre organis\u00e9e apr\u00e8s des ann\u00e9es d&#8217;absence.<\/p>\n\n\n\n<p>Le SIAM, a-t-il soutenu, continue de susciter l&#8217;int\u00e9r\u00eat de l&#8217;ensemble des partenaires, faisant remarquer l&#8217;importance du programme riche de cette \u00e9dition \u00e0 laquelle s&#8217;int\u00e9ressent les diff\u00e9rents partenaires issus des quatre coins du monde.<\/p>\n\n\n\n<p>\u00ab\u00c0 travers le nombre d&#8217;exposants nous enregistrons d&#8217;abord un nombre sans pr\u00e9c\u00e9dent de coop\u00e9ratives principalement f\u00e9minines et rurales, avec 150 stands\u00bb, a fait savoir le Commissaire du Salon, mettant en avant la qualit\u00e9 du travail des coop\u00e9ratives et des produits expos\u00e9s. Jaouad Chami a en outre soulign\u00e9 l\u2019importance accord\u00e9e \u00e0 ce projet \u00e9norme marqu\u00e9 par la participation de plus de 68 pays.<\/p>\n","protected":false},"excerpt":{"rendered":"<p>Le Commissaire G\u00e9n\u00e9ral du SIAM (Salon International de l&#8217;Agriculture au Maroc), Jaouad Chami (en chemise bleue sur la photo), a affirm\u00e9 lors de l\u2019inauguration hier du Salon \u00e0 Mekn\u00e8s, que cette 15\u00e8me \u00e9dition a r\u00e9ussi \u00e0 tracer sa voie et \u00e0 entrer d\u00e9finitivement dans l&#8217;agenda des grands Salons du monde. S&#8217;exprimant dans une d\u00e9claration \u00e0 &hellip;<\/p>\n","protected":false},"author":9,"featured_media":22602,"comment_status":"open","ping_status":"closed","sticky":false,"template":"","format":"standard","meta":{"footnotes":""},"categories":[30],"tags":[],"class_list":["post-22613","post","type-post","status-publish","format-standard","has-post-thumbnail","hentry","category-agriculture"],"_links":{"self":[{"href":"https:\/\/letempsmag.ma\/index.php?rest_route=\/wp\/v2\/posts\/22613","targetHints":{"allow":["GET"]}}],"collection":[{"href":"https:\/\/letempsmag.ma\/index.php?rest_route=\/wp\/v2\/posts"}],"about":[{"href":"https:\/\/letempsmag.ma\/index.php?rest_route=\/wp\/v2\/types\/post"}],"author":[{"embeddable":true,"href":"https:\/\/letempsmag.ma\/index.php?rest_route=\/wp\/v2\/users\/9"}],"replies":[{"embeddable":true,"href":"https:\/\/letempsmag.ma\/index.php?rest_route=%2Fwp%2Fv2%2Fcomments&post=22613"}],"version-history":[{"count":1,"href":"https:\/\/letempsmag.ma\/index.php?rest_route=\/wp\/v2\/posts\/22613\/revisions"}],"predecessor-version":[{"id":22614,"href":"https:\/\/letempsmag.ma\/index.php?rest_route=\/wp\/v2\/posts\/22613\/revisions\/22614"}],"wp:featuredmedia":[{"embeddable":true,"href":"https:\/\/letempsmag.ma\/index.php?rest_route=\/wp\/v2\/media\/22602"}],"wp:attachment":[{"href":"https:\/\/letempsmag.ma\/index.php?rest_route=%2Fwp%2Fv2%2Fmedia&parent=22613"}],"wp:term":[{"taxonomy":"category","embeddable":true,"href":"https:\/\/letempsmag.ma\/index.php?rest_route=%2Fwp%2Fv2%2Fcategories&post=22613"},{"taxonomy":"post_tag","embeddable":true,"href":"https:\/\/letempsmag.ma\/index.php?rest_route=%2Fwp%2Fv2%2Ftags&post=22613"}],"curies":[{"name":"wp","href":"https:\/\/api.w.org\/{rel}","templated":true}]}}