{"id":22609,"date":"2023-05-03T12:27:16","date_gmt":"2023-05-03T11:27:16","guid":{"rendered":"https:\/\/letempsmag.ma\/?p=22609"},"modified":"2023-05-03T12:27:17","modified_gmt":"2023-05-03T11:27:17","slug":"1-mort-et-25-blesses-dans-un-accident-de-bus-transportant-des-saisonnieres-marocaines-en-espagne","status":"publish","type":"post","link":"https:\/\/letempsmag.ma\/?p=22609","title":{"rendered":"1 mort et 25 bless\u00e9s dans un accident de bus transportant des saisonni\u00e8res marocaines en Espagne"},"content":{"rendered":"\n<p>Une personne est morte et 25 autres ont \u00e9t\u00e9 bless\u00e9es, dont sept gri\u00e8vement, lorsqu&#8217;un bus transportant des saisonni\u00e8res marocaines s&#8217;est renvers\u00e9 lundi dernier dans le sud de l&#8217;Espagne, ont indiqu\u00e9 les services de secours. L&#8217;accident, qui s&#8217;est produit juste avant le lever du soleil sur une route \u00e0 environ 50 kilom\u00e8tres de la ville de Huelva, dans le sud-ouest de l&#8217;Andalousie, a impliqu\u00e9 un bus transportant 34 ouvriers agricoles marocains, ont indiqu\u00e9 les services d&#8217;urgence. \u00abUne femme est morte et 25 autres ont \u00e9t\u00e9 bless\u00e9es, dont sept dans un \u00e9tat tr\u00e8s grave, lorsqu&#8217;un bus transportant des saisonni\u00e8res s&#8217;est renvers\u00e9\u00bb, a indiqu\u00e9 une source au gouvernement r\u00e9gional.<\/p>\n\n\n\n<p>Pas d\u2019informations pr\u00e9cises sur les causes de cet accident, survenu dans une r\u00e9gion connue pour sa vaste industrie agricole, la r\u00e9gion d&#8217;Andalousie \u00e9tant le premier exportateur europ\u00e9en de fruits et l\u00e9gumes. Avant les marches c\u00e9l\u00e9brant le 1er Mai, la Ministre du Travail, Yolanda Diaz, a pr\u00e9sent\u00e9 ses condol\u00e9ances et sa profonde sympathie aux travailleurs victimes de ce grave accident.<\/p>\n\n\n\n<p><strong>C. A.<\/strong><\/p>\n","protected":false},"excerpt":{"rendered":"<p>Une personne est morte et 25 autres ont \u00e9t\u00e9 bless\u00e9es, dont sept gri\u00e8vement, lorsqu&#8217;un bus transportant des saisonni\u00e8res marocaines s&#8217;est renvers\u00e9 lundi dernier dans le sud de l&#8217;Espagne, ont indiqu\u00e9 les services de secours. L&#8217;accident, qui s&#8217;est produit juste avant le lever du soleil sur une route \u00e0 environ 50 kilom\u00e8tres de la ville de &hellip;<\/p>\n","protected":false},"author":9,"featured_media":22603,"comment_status":"open","ping_status":"closed","sticky":false,"template":"","format":"standard","meta":{"footnotes":""},"categories":[575],"tags":[],"class_list":["post-22609","post","type-post","status-publish","format-standard","has-post-thumbnail","hentry","category-circulation"],"_links":{"self":[{"href":"https:\/\/letempsmag.ma\/index.php?rest_route=\/wp\/v2\/posts\/22609","targetHints":{"allow":["GET"]}}],"collection":[{"href":"https:\/\/letempsmag.ma\/index.php?rest_route=\/wp\/v2\/posts"}],"about":[{"href":"https:\/\/letempsmag.ma\/index.php?rest_route=\/wp\/v2\/types\/post"}],"author":[{"embeddable":true,"href":"https:\/\/letempsmag.ma\/index.php?rest_route=\/wp\/v2\/users\/9"}],"replies":[{"embeddable":true,"href":"https:\/\/letempsmag.ma\/index.php?rest_route=%2Fwp%2Fv2%2Fcomments&post=22609"}],"version-history":[{"count":1,"href":"https:\/\/letempsmag.ma\/index.php?rest_route=\/wp\/v2\/posts\/22609\/revisions"}],"predecessor-version":[{"id":22610,"href":"https:\/\/letempsmag.ma\/index.php?rest_route=\/wp\/v2\/posts\/22609\/revisions\/22610"}],"wp:featuredmedia":[{"embeddable":true,"href":"https:\/\/letempsmag.ma\/index.php?rest_route=\/wp\/v2\/media\/22603"}],"wp:attachment":[{"href":"https:\/\/letempsmag.ma\/index.php?rest_route=%2Fwp%2Fv2%2Fmedia&parent=22609"}],"wp:term":[{"taxonomy":"category","embeddable":true,"href":"https:\/\/letempsmag.ma\/index.php?rest_route=%2Fwp%2Fv2%2Fcategories&post=22609"},{"taxonomy":"post_tag","embeddable":true,"href":"https:\/\/letempsmag.ma\/index.php?rest_route=%2Fwp%2Fv2%2Ftags&post=22609"}],"curies":[{"name":"wp","href":"https:\/\/api.w.org\/{rel}","templated":true}]}}