{"id":2239,"date":"2021-04-17T13:31:57","date_gmt":"2021-04-17T13:31:57","guid":{"rendered":"https:\/\/letempsmag.ma\/?p=2239"},"modified":"2021-04-17T13:31:59","modified_gmt":"2021-04-17T13:31:59","slug":"une-nouvelle-vie-pour-le-registre-de-commerce-a-casablanca","status":"publish","type":"post","link":"https:\/\/letempsmag.ma\/?p=2239","title":{"rendered":"Une nouvelle vie pour le Registre de Commerce \u00e0 Casablanca"},"content":{"rendered":"\n<p>Le Ministre de la Justice Mohamed Ben Abdelkader a proc\u00e9d\u00e9 le 12 avril courant \u00e0 l\u2019inauguration de l\u2019annexe du Tribunal de Commerce \u00e0 Casablanca, qui est r\u00e9serv\u00e9e au Registre de Commerce. D\u2019un co\u00fbt total de pr\u00e8s de 6 millions de DH, le projet rentre dans le cadre du plan du minist\u00e8re de tutelle relatif \u00e0 la r\u00e9habilitation des infrastructures dans les diff\u00e9rentes Circonscriptions judiciaires et \u00e0 l\u2019am\u00e9lioration de la situation des b\u00e2timents des tribunaux dans le Royaume. L\u2019\u00e9difice a \u00e9t\u00e9 r\u00e9habilit\u00e9 et \u00e9quip\u00e9 conform\u00e9ment aux normes architecturales modernes. Le but&nbsp;: permettre aux personnes concern\u00e9es d\u2019acc\u00e9der \u00e0 cet important service judiciaire dans les meilleures conditions.<\/p>\n\n\n\n<p><strong>M. E.<\/strong><\/p>\n","protected":false},"excerpt":{"rendered":"<p>Le Ministre de la Justice Mohamed Ben Abdelkader a proc\u00e9d\u00e9 le 12 avril courant \u00e0 l\u2019inauguration de l\u2019annexe du Tribunal de Commerce \u00e0 Casablanca, qui est r\u00e9serv\u00e9e au Registre de Commerce. D\u2019un co\u00fbt total de pr\u00e8s de 6 millions de DH, le projet rentre dans le cadre du plan du minist\u00e8re de tutelle relatif \u00e0 &hellip;<\/p>\n","protected":false},"author":9,"featured_media":2240,"comment_status":"open","ping_status":"closed","sticky":false,"template":"","format":"standard","meta":{"footnotes":""},"categories":[143],"tags":[],"class_list":["post-2239","post","type-post","status-publish","format-standard","has-post-thumbnail","hentry","category-administration"],"_links":{"self":[{"href":"https:\/\/letempsmag.ma\/index.php?rest_route=\/wp\/v2\/posts\/2239","targetHints":{"allow":["GET"]}}],"collection":[{"href":"https:\/\/letempsmag.ma\/index.php?rest_route=\/wp\/v2\/posts"}],"about":[{"href":"https:\/\/letempsmag.ma\/index.php?rest_route=\/wp\/v2\/types\/post"}],"author":[{"embeddable":true,"href":"https:\/\/letempsmag.ma\/index.php?rest_route=\/wp\/v2\/users\/9"}],"replies":[{"embeddable":true,"href":"https:\/\/letempsmag.ma\/index.php?rest_route=%2Fwp%2Fv2%2Fcomments&post=2239"}],"version-history":[{"count":1,"href":"https:\/\/letempsmag.ma\/index.php?rest_route=\/wp\/v2\/posts\/2239\/revisions"}],"predecessor-version":[{"id":2241,"href":"https:\/\/letempsmag.ma\/index.php?rest_route=\/wp\/v2\/posts\/2239\/revisions\/2241"}],"wp:featuredmedia":[{"embeddable":true,"href":"https:\/\/letempsmag.ma\/index.php?rest_route=\/wp\/v2\/media\/2240"}],"wp:attachment":[{"href":"https:\/\/letempsmag.ma\/index.php?rest_route=%2Fwp%2Fv2%2Fmedia&parent=2239"}],"wp:term":[{"taxonomy":"category","embeddable":true,"href":"https:\/\/letempsmag.ma\/index.php?rest_route=%2Fwp%2Fv2%2Fcategories&post=2239"},{"taxonomy":"post_tag","embeddable":true,"href":"https:\/\/letempsmag.ma\/index.php?rest_route=%2Fwp%2Fv2%2Ftags&post=2239"}],"curies":[{"name":"wp","href":"https:\/\/api.w.org\/{rel}","templated":true}]}}