{"id":22341,"date":"2023-04-29T10:41:35","date_gmt":"2023-04-29T09:41:35","guid":{"rendered":"https:\/\/letempsmag.ma\/?p=22341"},"modified":"2023-04-29T10:41:36","modified_gmt":"2023-04-29T09:41:36","slug":"la-dgsn-et-la-cour-des-comptes-mieux-connectees","status":"publish","type":"post","link":"https:\/\/letempsmag.ma\/?p=22341","title":{"rendered":"La DGSN et la Cour des Comptes mieux connect\u00e9es"},"content":{"rendered":"\n<p>C\u2019est une coop\u00e9ration in\u00e9dite et strat\u00e9gique que la Direction G\u00e9n\u00e9rale de la S\u00fbret\u00e9 Nationale (DGSN) et la Cour des Comptes viennent d\u2019initier. Les deux parties ont, en effet, conclu jeudi dernier un protocole d\u2019accord visant \u00e0 encadrer et \u00e0 faciliter leur coop\u00e9ration en mati\u00e8re d\u2019usage par les tribunaux financiers du syst\u00e8me national d&#8217;identit\u00e9 num\u00e9rique d\u00e9velopp\u00e9 par la DGSN. L\u2019accord a \u00e9t\u00e9 paraph\u00e9 par la Pr\u00e9sidente de la Cour des Comptes, Zineb El Adaoui, et le Directeur G\u00e9n\u00e9ral de la DGSN, Abdellatif Hammouchi, par ailleurs patron de la Direction G\u00e9n\u00e9rale de la Surveillance du Territoire (DGST).<\/p>\n\n\n\n<p>Dans un communiqu\u00e9 commun diffus\u00e9 \u00e0 l\u2019issue de la c\u00e9r\u00e9monie de signature de cet accord, les deux parties indiquent que l\u2019ambition commune est de mettre en place un m\u00e9canisme s\u00e9curis\u00e9 et fiable pour v\u00e9rifier et compl\u00e9ter les donn\u00e9es d\u2019identification nationale en vue de faciliter le travail des tribunaux financiers et d\u2019atteindre l\u2019efficacit\u00e9 requise dans la mise en \u0153uvre et la communication des proc\u00e9dures qui leur sont confi\u00e9es.<\/p>\n\n\n\n<p>Cette coop\u00e9ration institutionnelle accorde aux tribunaux financiers la possibilit\u00e9 de v\u00e9rifier et de compl\u00e9ter les donn\u00e9es des personnes soumises \u00e0 la loi, de mani\u00e8re \u00e0 pr\u00e9server l&#8217;\u00c9tat de droit et son application, selon un m\u00e9canisme s\u00e9curis\u00e9 qui tient compte des normes de la protection des donn\u00e9es \u00e0 caract\u00e8re personnel.<\/p>\n\n\n\n<p>Afin d&#8217;assurer la p\u00e9rennit\u00e9 de cette coop\u00e9ration et sa bonne mise en \u0153uvre, l\u2019accord pr\u00e9voit la mise en place d&#8217;une commission conjointe de suivi, compos\u00e9e de repr\u00e9sentants des deux parties signataires, charg\u00e9s de veiller \u00e0 la bonne application des dispositions de l\u2019accord.<\/p>\n\n\n\n<p><strong>M. E. avec MAP<\/strong><\/p>\n","protected":false},"excerpt":{"rendered":"<p>C\u2019est une coop\u00e9ration in\u00e9dite et strat\u00e9gique que la Direction G\u00e9n\u00e9rale de la S\u00fbret\u00e9 Nationale (DGSN) et la Cour des Comptes viennent d\u2019initier. Les deux parties ont, en effet, conclu jeudi dernier un protocole d\u2019accord visant \u00e0 encadrer et \u00e0 faciliter leur coop\u00e9ration en mati\u00e8re d\u2019usage par les tribunaux financiers du syst\u00e8me national d&#8217;identit\u00e9 num\u00e9rique d\u00e9velopp\u00e9 &hellip;<\/p>\n","protected":false},"author":9,"featured_media":22342,"comment_status":"open","ping_status":"closed","sticky":false,"template":"","format":"standard","meta":{"footnotes":""},"categories":[552],"tags":[],"class_list":["post-22341","post","type-post","status-publish","format-standard","has-post-thumbnail","hentry","category-protection-des-donnees"],"_links":{"self":[{"href":"https:\/\/letempsmag.ma\/index.php?rest_route=\/wp\/v2\/posts\/22341","targetHints":{"allow":["GET"]}}],"collection":[{"href":"https:\/\/letempsmag.ma\/index.php?rest_route=\/wp\/v2\/posts"}],"about":[{"href":"https:\/\/letempsmag.ma\/index.php?rest_route=\/wp\/v2\/types\/post"}],"author":[{"embeddable":true,"href":"https:\/\/letempsmag.ma\/index.php?rest_route=\/wp\/v2\/users\/9"}],"replies":[{"embeddable":true,"href":"https:\/\/letempsmag.ma\/index.php?rest_route=%2Fwp%2Fv2%2Fcomments&post=22341"}],"version-history":[{"count":1,"href":"https:\/\/letempsmag.ma\/index.php?rest_route=\/wp\/v2\/posts\/22341\/revisions"}],"predecessor-version":[{"id":22343,"href":"https:\/\/letempsmag.ma\/index.php?rest_route=\/wp\/v2\/posts\/22341\/revisions\/22343"}],"wp:featuredmedia":[{"embeddable":true,"href":"https:\/\/letempsmag.ma\/index.php?rest_route=\/wp\/v2\/media\/22342"}],"wp:attachment":[{"href":"https:\/\/letempsmag.ma\/index.php?rest_route=%2Fwp%2Fv2%2Fmedia&parent=22341"}],"wp:term":[{"taxonomy":"category","embeddable":true,"href":"https:\/\/letempsmag.ma\/index.php?rest_route=%2Fwp%2Fv2%2Fcategories&post=22341"},{"taxonomy":"post_tag","embeddable":true,"href":"https:\/\/letempsmag.ma\/index.php?rest_route=%2Fwp%2Fv2%2Ftags&post=22341"}],"curies":[{"name":"wp","href":"https:\/\/api.w.org\/{rel}","templated":true}]}}