{"id":2223,"date":"2021-04-16T15:17:04","date_gmt":"2021-04-16T15:17:04","guid":{"rendered":"https:\/\/letempsmag.ma\/?p=2223"},"modified":"2021-04-16T15:17:05","modified_gmt":"2021-04-16T15:17:05","slug":"un-nouveau-chantier-de-regne","status":"publish","type":"post","link":"https:\/\/letempsmag.ma\/?p=2223","title":{"rendered":"Un nouveau chantier de r\u00e8gne"},"content":{"rendered":"\n<p><strong>PAR HASSAN EL ARCH<\/strong><\/p>\n\n\n\n<p>La date du 14 avril 2021 est \u00e0 marquer d\u2019une pierre blanche dans l\u2019histoire contemporaine du Royaume. Elle \u00e9voque d\u00e9sormais un changement et un tournant dans la gestion de la chose sociale. Ce jour-l\u00e0, en effet, S.M. le Roi Mohammed VI a lanc\u00e9 un autre chantier de r\u00e8gne qui porte le combat contre la pr\u00e9carit\u00e9 vers de nouveaux paliers. La protection sociale en est l\u2019essence, la trame et la feuille de route. C\u2019est une pr\u00e9occupation qu\u2019a toujours exprim\u00e9e le Souverain. Une vision qu\u2019il projette depuis son accession au Tr\u00f4ne et qu\u2019il n\u2019a eu de cesse de rappeler dans ses discours depuis plus de deux d\u00e9cennies.<\/p>\n\n\n\n<p>Aujourd\u2019hui, le ton est donn\u00e9 et le passage \u00e0 la vitesse sup\u00e9rieure enclench\u00e9. Il s\u2019agit d&#8217;instaurer un d\u00e9veloppement humain fond\u00e9 sur la solidarit\u00e9 sociale et la r\u00e9partition \u00e9quitable des richesses. Un chantier Royal, un autre, qui va b\u00e9n\u00e9ficier dans un premier temps aux agriculteurs, artisans, professionnels de l&#8217;artisanat, commer\u00e7ants et prestataires ind\u00e9pendants soumis au r\u00e9gime de la contribution professionnelle unique, au r\u00e9gime de l&#8217;auto-entrepreneur ou encore au r\u00e9gime de la comptabilit\u00e9. Le processus s\u2019\u00e9tendra, dans une seconde phase, \u00e0 d\u2019autres cat\u00e9gories socioprofessionnelles avec, en ligne de mire, la g\u00e9n\u00e9ralisation effective et r\u00e9elle de la protection sociale \u00e0 l\u2019ensemble des citoyens marocains.<\/p>\n\n\n\n<p>Nous rappelons les grandes lignes et la port\u00e9e de ce projet dans le pr\u00e9sent num\u00e9ro (pages 6 et 7) en pla\u00e7ant le sujet dans son contexte si sp\u00e9cial. En l\u2019occurrence, celui de la pand\u00e9mie du \u00abCovid-19\u00bb et de ses effets aux plans \u00e9conomique et social. Si un moment particulier devait \u00eatre consid\u00e9r\u00e9 dans cette perspective, c\u2019est assur\u00e9ment celui-l\u00e0.<\/p>\n\n\n\n<p>Lors de la c\u00e9r\u00e9monie officielle de lancement du chantier, pr\u00e9sid\u00e9e par le Souverain, le 14 avril au Palais Royal de F\u00e8s, le Ministre de l\u2019\u00c9conomie, des Finances et de la R\u00e9forme de l\u2019Administration, Mohamed Benchaaboun, a eu les mots justes pour dire ce qu\u2019une telle entreprise signifie r\u00e9ellement pour des millions de Marocains. <em>\u00abCe projet soci\u00e9tal, qui b\u00e9n\u00e9ficie d&#8217;un suivi et d&#8217;une attention particuli\u00e8re de la part de Votre Majest\u00e9, constitue une v\u00e9ritable r\u00e9volution sociale car il aura des effets directs et tangibles sur l&#8217;am\u00e9lioration des conditions de vie des citoyens, la pr\u00e9servation de la dignit\u00e9 de tous les Marocains, outre sa participation \u00e0 l\u2019int\u00e9gration du secteur informel\u00bb<\/em>.<\/p>\n\n\n\n<p>Et pour prendre la mesure de ce qui est en train de se passer, gardons en t\u00eate ces indicateurs. La g\u00e9n\u00e9ralisation de l\u2019Assurance-Maladie Obligatoire de base est d\u00e9sormais effective pour 2021 et 2022, gr\u00e2ce \u00e0 l\u2019\u00e9largissement de l&#8217;assiette des b\u00e9n\u00e9ficiaires, qui va inclure les cat\u00e9gories les plus vuln\u00e9rables b\u00e9n\u00e9ficiant du R\u00e9gime d\u2019Assistance M\u00e9dicale ainsi que la cat\u00e9gorie des professionnels et travailleurs ind\u00e9pendants et autres personnes non-salari\u00e9es exer\u00e7ant une activit\u00e9 lib\u00e9rale. Dans une seconde phase, les allocations familiales seront g\u00e9n\u00e9ralis\u00e9es en 2023 et 2024 pour permettre aux m\u00e9nages qui n\u2019en b\u00e9n\u00e9ficient pas de toucher des indemnit\u00e9s forfaitaires et des indemnit\u00e9s couvrant les risques li\u00e9s \u00e0 l\u2019enfance. De fait, pr\u00e8s de 22 millions de personnes suppl\u00e9mentaires b\u00e9n\u00e9ficieront d\u2019une assurance qui couvre les frais de traitement, les m\u00e9dicaments et l\u2019hospitalisation.<\/p>\n\n\n\n<p>Le co\u00fbt d\u2019un tel effort est tout simplement gigantesque&nbsp;! La gestion de ces programmes, \u00e0 l&#8217;horizon 2025, n\u00e9cessite en effet l\u2019allocation d\u2019une enveloppe annuelle totale de 51 milliards de DH. Pas moins.<\/p>\n","protected":false},"excerpt":{"rendered":"<p>PAR HASSAN EL ARCH La date du 14 avril 2021 est \u00e0 marquer d\u2019une pierre blanche dans l\u2019histoire contemporaine du Royaume. Elle \u00e9voque d\u00e9sormais un changement et un tournant dans la gestion de la chose sociale. Ce jour-l\u00e0, en effet, S.M. le Roi Mohammed VI a lanc\u00e9 un autre chantier de r\u00e8gne qui porte le &hellip;<\/p>\n","protected":false},"author":9,"featured_media":1323,"comment_status":"open","ping_status":"closed","sticky":false,"template":"","format":"standard","meta":{"footnotes":""},"categories":[44],"tags":[],"class_list":["post-2223","post","type-post","status-publish","format-standard","has-post-thumbnail","hentry","category-edito"],"_links":{"self":[{"href":"https:\/\/letempsmag.ma\/index.php?rest_route=\/wp\/v2\/posts\/2223","targetHints":{"allow":["GET"]}}],"collection":[{"href":"https:\/\/letempsmag.ma\/index.php?rest_route=\/wp\/v2\/posts"}],"about":[{"href":"https:\/\/letempsmag.ma\/index.php?rest_route=\/wp\/v2\/types\/post"}],"author":[{"embeddable":true,"href":"https:\/\/letempsmag.ma\/index.php?rest_route=\/wp\/v2\/users\/9"}],"replies":[{"embeddable":true,"href":"https:\/\/letempsmag.ma\/index.php?rest_route=%2Fwp%2Fv2%2Fcomments&post=2223"}],"version-history":[{"count":1,"href":"https:\/\/letempsmag.ma\/index.php?rest_route=\/wp\/v2\/posts\/2223\/revisions"}],"predecessor-version":[{"id":2224,"href":"https:\/\/letempsmag.ma\/index.php?rest_route=\/wp\/v2\/posts\/2223\/revisions\/2224"}],"wp:featuredmedia":[{"embeddable":true,"href":"https:\/\/letempsmag.ma\/index.php?rest_route=\/wp\/v2\/media\/1323"}],"wp:attachment":[{"href":"https:\/\/letempsmag.ma\/index.php?rest_route=%2Fwp%2Fv2%2Fmedia&parent=2223"}],"wp:term":[{"taxonomy":"category","embeddable":true,"href":"https:\/\/letempsmag.ma\/index.php?rest_route=%2Fwp%2Fv2%2Fcategories&post=2223"},{"taxonomy":"post_tag","embeddable":true,"href":"https:\/\/letempsmag.ma\/index.php?rest_route=%2Fwp%2Fv2%2Ftags&post=2223"}],"curies":[{"name":"wp","href":"https:\/\/api.w.org\/{rel}","templated":true}]}}