{"id":22059,"date":"2023-04-11T16:27:38","date_gmt":"2023-04-11T15:27:38","guid":{"rendered":"https:\/\/letempsmag.ma\/?p=22059"},"modified":"2023-04-11T16:27:39","modified_gmt":"2023-04-11T15:27:39","slug":"locp-obtient-un-pret-de-100-millions-deuros-de-la-sfi-pour-des-projets-solaires","status":"publish","type":"post","link":"https:\/\/letempsmag.ma\/?p=22059","title":{"rendered":"L\u2019OCP obtient un pr\u00eat de 100 millions d\u2019euros de la SFI pour des projets solaires"},"content":{"rendered":"\n<p>Le groupe OCP a d\u00e9croch\u00e9 un pr\u00eat de 100 millions d\u2019euros de la Soci\u00e9t\u00e9 Financi\u00e8re Internationale (SFI), filiale de la Banque Mondiale, pour financer ses projets solaires. Ces derniers entrent dans le cadre de la strat\u00e9gie du groupe visant \u00e0 approvisionner toutes ses installations industrielles en \u00e9nergie verte d&#8217;ici \u00e0 2027.<\/p>\n\n\n\n<p>Concr\u00e8tement, ces fonds serviront \u00e0 construire quatre centrales solaires photovolta\u00efques (PV), d&#8217;une capacit\u00e9 combin\u00e9e de 202 m\u00e9gawatts. Ces derni\u00e8res seront \u00e9rig\u00e9es pr\u00e8s des mines du groupe OCP \u00e0 Khouribga et \u00e0 Benguerir pour un investissement de l\u2019ordre 159,2 millions d&#8217;euros (1,7 milliard de DH). Le projet sera mis en \u0153uvre en deux phases, \u00e0 partir d&#8217;une capacit\u00e9 de 202 MW sans stockage, pour atteindre \u00e0 terme 1.200 MW.<\/p>\n\n\n\n<p>Par ailleurs, l\u2019OCP compte \u00e9riger deux centrales \u00e9lectriques sur le site minier de Benguerir, respectivement de 22 m\u00e9gawatts et de 45 m\u00e9gawatts. Rappelons que l\u2019office a lanc\u00e9 un programme d&#8217;investissement vert pour la p\u00e9riode 2023-2027 dans le but d&#8217;atteindre les objectifs strat\u00e9giques de l&#8217;entreprise, en convergence avec son \u00abengagement \u00e0 atteindre la neutralit\u00e9 carbone d&#8217;ici 2040\u00bb.<\/p>\n\n\n\n<p><strong>C. A.<\/strong><\/p>\n","protected":false},"excerpt":{"rendered":"<p>Le groupe OCP a d\u00e9croch\u00e9 un pr\u00eat de 100 millions d\u2019euros de la Soci\u00e9t\u00e9 Financi\u00e8re Internationale (SFI), filiale de la Banque Mondiale, pour financer ses projets solaires. Ces derniers entrent dans le cadre de la strat\u00e9gie du groupe visant \u00e0 approvisionner toutes ses installations industrielles en \u00e9nergie verte d&#8217;ici \u00e0 2027. Concr\u00e8tement, ces fonds serviront &hellip;<\/p>\n","protected":false},"author":9,"featured_media":22060,"comment_status":"open","ping_status":"closed","sticky":false,"template":"","format":"standard","meta":{"footnotes":""},"categories":[29],"tags":[],"class_list":["post-22059","post","type-post","status-publish","format-standard","has-post-thumbnail","hentry","category-financement"],"_links":{"self":[{"href":"https:\/\/letempsmag.ma\/index.php?rest_route=\/wp\/v2\/posts\/22059","targetHints":{"allow":["GET"]}}],"collection":[{"href":"https:\/\/letempsmag.ma\/index.php?rest_route=\/wp\/v2\/posts"}],"about":[{"href":"https:\/\/letempsmag.ma\/index.php?rest_route=\/wp\/v2\/types\/post"}],"author":[{"embeddable":true,"href":"https:\/\/letempsmag.ma\/index.php?rest_route=\/wp\/v2\/users\/9"}],"replies":[{"embeddable":true,"href":"https:\/\/letempsmag.ma\/index.php?rest_route=%2Fwp%2Fv2%2Fcomments&post=22059"}],"version-history":[{"count":1,"href":"https:\/\/letempsmag.ma\/index.php?rest_route=\/wp\/v2\/posts\/22059\/revisions"}],"predecessor-version":[{"id":22061,"href":"https:\/\/letempsmag.ma\/index.php?rest_route=\/wp\/v2\/posts\/22059\/revisions\/22061"}],"wp:featuredmedia":[{"embeddable":true,"href":"https:\/\/letempsmag.ma\/index.php?rest_route=\/wp\/v2\/media\/22060"}],"wp:attachment":[{"href":"https:\/\/letempsmag.ma\/index.php?rest_route=%2Fwp%2Fv2%2Fmedia&parent=22059"}],"wp:term":[{"taxonomy":"category","embeddable":true,"href":"https:\/\/letempsmag.ma\/index.php?rest_route=%2Fwp%2Fv2%2Fcategories&post=22059"},{"taxonomy":"post_tag","embeddable":true,"href":"https:\/\/letempsmag.ma\/index.php?rest_route=%2Fwp%2Fv2%2Ftags&post=22059"}],"curies":[{"name":"wp","href":"https:\/\/api.w.org\/{rel}","templated":true}]}}