{"id":22050,"date":"2023-04-11T16:24:33","date_gmt":"2023-04-11T15:24:33","guid":{"rendered":"https:\/\/letempsmag.ma\/?p=22050"},"modified":"2023-04-11T16:24:33","modified_gmt":"2023-04-11T15:24:33","slug":"kfc-maroc-lance-deux-actions-humanitaires","status":"publish","type":"post","link":"https:\/\/letempsmag.ma\/?p=22050","title":{"rendered":"KFC Maroc lance deux actions humanitaires"},"content":{"rendered":"\n<p>Depuis son installation au Maroc en 2001, l\u2019enseigne KFC ne cesse de renforcer son image de marque en l&#8217;associant aux valeurs du partage et du travail social au Maroc plus pr\u00e9cis\u00e9ment envers la femme marocaine. C&#8217;est dans cet esprit que KFC Maroc a lanc\u00e9 deux actions solidaires. La premi\u00e8re action a \u00e9t\u00e9 men\u00e9e en collaboration avec l&#8217;Association Solidarit\u00e9 F\u00e9minine (ASF). Par le biais d\u2019une donation d\u2019\u00e9quipements, KFC Maroc est venu en aide \u00e0 ces femmes c\u00e9libataires afin de subvenir \u00e0 leurs besoins quotidiens en leur fournissant des \u00e9quipements de cuisine tels que des ustensiles, des aliments et de l&#8217;\u00e9lectrom\u00e9nager.<\/p>\n\n\n\n<p>\u00abL&#8217;objectif principal de cette action est de rendre hommage aux femmes marocaines, mais plus sp\u00e9cialement aux mamans c\u00e9libataires qui ont r\u00e9ellement besoin de soutien. En parfaite harmonie avec notre strat\u00e9gie RSE, nous avons d\u00e9cid\u00e9 de soutenir l&#8217;action de l&#8217;association ASF qui \u0153uvre en faveur de l&#8217;insertion sociale et professionnelle de ces femmes. Nous sommes convaincus que cette action solidaire permettra de renforcer le lien social et de faire la diff\u00e9rence dans la vie de ces femmes\u00bb affirme Anas Kadmiri, Regional Operations Director de KFC Maroc.<\/p>\n\n\n\n<p>KFC Maroc a \u00e9galement lanc\u00e9 une caravane solidaire pendant le mois sacr\u00e9 de Ramadan. Cette initiative a pour objectif de distribuer des repas \u00e0 travers plusieurs villes du Royaume pour aider les personnes dans le besoin. En effet, la distribution de repas KFC a lieu quotidiennement pendant le mois du Ramadan, avec la distribution de pas moins de 50 repas par jour. Cette action solidaire permettra de soutenir les personnes les plus vuln\u00e9rables, en particulier celles qui ont du mal \u00e0 se nourrir pendant le mois de Ramadan.<\/p>\n\n\n\n<p>\u00abNous sommes conscients que le mois de Ramadan est un moment important pour nos concitoyens marocains et que la nourriture est essentielle pour la rupture du je\u00fbne. C&#8217;est pourquoi nous avons d\u00e9cid\u00e9 de mettre en place cette caravane solidaire pour aider les personnes qui ont des difficult\u00e9s \u00e0 se nourrir pendant ce mois sacr\u00e9\u00bb d\u00e9clare Anas Kadmiri.<\/p>\n\n\n\n<p>\u00c0 noter que KFC Maroc a nou\u00e9 des partenariats avec des associations locales pour identifier les personnes qui ont le plus besoin de ce repas et ainsi pouvoir leur apporter une assistance concr\u00e8te. KFC \u0153uvre en \u00e9troite collaboration avec ces associations pour garantir une distribution juste et \u00e9quitable des produits collect\u00e9s. \u00c0 travers ces actions solidaires, KFC Maroc r\u00e9affirme son engagement en faveur de la communaut\u00e9 locale et sa responsabilit\u00e9 soci\u00e9tale en tant qu&#8217;entreprise citoyenne.<\/p>\n","protected":false},"excerpt":{"rendered":"<p>Depuis son installation au Maroc en 2001, l\u2019enseigne KFC ne cesse de renforcer son image de marque en l&#8217;associant aux valeurs du partage et du travail social au Maroc plus pr\u00e9cis\u00e9ment envers la femme marocaine. C&#8217;est dans cet esprit que KFC Maroc a lanc\u00e9 deux actions solidaires. La premi\u00e8re action a \u00e9t\u00e9 men\u00e9e en collaboration &hellip;<\/p>\n","protected":false},"author":9,"featured_media":22051,"comment_status":"open","ping_status":"closed","sticky":false,"template":"","format":"standard","meta":{"footnotes":""},"categories":[66],"tags":[],"class_list":["post-22050","post","type-post","status-publish","format-standard","has-post-thumbnail","hentry","category-engagement-social"],"_links":{"self":[{"href":"https:\/\/letempsmag.ma\/index.php?rest_route=\/wp\/v2\/posts\/22050","targetHints":{"allow":["GET"]}}],"collection":[{"href":"https:\/\/letempsmag.ma\/index.php?rest_route=\/wp\/v2\/posts"}],"about":[{"href":"https:\/\/letempsmag.ma\/index.php?rest_route=\/wp\/v2\/types\/post"}],"author":[{"embeddable":true,"href":"https:\/\/letempsmag.ma\/index.php?rest_route=\/wp\/v2\/users\/9"}],"replies":[{"embeddable":true,"href":"https:\/\/letempsmag.ma\/index.php?rest_route=%2Fwp%2Fv2%2Fcomments&post=22050"}],"version-history":[{"count":1,"href":"https:\/\/letempsmag.ma\/index.php?rest_route=\/wp\/v2\/posts\/22050\/revisions"}],"predecessor-version":[{"id":22052,"href":"https:\/\/letempsmag.ma\/index.php?rest_route=\/wp\/v2\/posts\/22050\/revisions\/22052"}],"wp:featuredmedia":[{"embeddable":true,"href":"https:\/\/letempsmag.ma\/index.php?rest_route=\/wp\/v2\/media\/22051"}],"wp:attachment":[{"href":"https:\/\/letempsmag.ma\/index.php?rest_route=%2Fwp%2Fv2%2Fmedia&parent=22050"}],"wp:term":[{"taxonomy":"category","embeddable":true,"href":"https:\/\/letempsmag.ma\/index.php?rest_route=%2Fwp%2Fv2%2Fcategories&post=22050"},{"taxonomy":"post_tag","embeddable":true,"href":"https:\/\/letempsmag.ma\/index.php?rest_route=%2Fwp%2Fv2%2Ftags&post=22050"}],"curies":[{"name":"wp","href":"https:\/\/api.w.org\/{rel}","templated":true}]}}