{"id":21869,"date":"2023-04-04T11:30:24","date_gmt":"2023-04-04T10:30:24","guid":{"rendered":"https:\/\/letempsmag.ma\/?p=21869"},"modified":"2023-04-04T11:30:25","modified_gmt":"2023-04-04T10:30:25","slug":"lallemagne-veut-embaucher-la-main-doeuvre-qualifiee-marocaine","status":"publish","type":"post","link":"https:\/\/letempsmag.ma\/?p=21869","title":{"rendered":"L&#8217;Allemagne veut embaucher la main-d&#8217;\u0153uvre qualifi\u00e9e marocaine"},"content":{"rendered":"\n<p>Frapp\u00e9e par le vieillissement de sa population, le manque de main-d&#8217;\u0153uvre qualifi\u00e9e et les pertes humaines \u00e0 cause de la pand\u00e9mie, l&#8217;Allemagne a adopt\u00e9 derni\u00e8rement un nouveau cadre juridique pour faciliter l&#8217;entr\u00e9e sur son territoire aux personnes \u00e9trang\u00e8res qualifi\u00e9es, d\u00e9tentrices d&#8217;un dipl\u00f4me de qualification professionnelle reconnu par les autorit\u00e9s locales ou d&#8217;un dipl\u00f4me d&#8217;\u00e9tudes sup\u00e9rieures, afin d&#8217;occuper un poste de travail ou de rechercher un emploi.<\/p>\n\n\n\n<p>Aujourd&#8217;hui, des centaines de milliers d&#8217;emplois sont vacants au sein de l&#8217;\u00e9conomie allemande. Pour combler ce d\u00e9ficit, le g\u00e9ant europ\u00e9en a manifest\u00e9 sa volont\u00e9, notamment lors de rencontres avec des officiels marocains, de cr\u00e9er des centres de conseil pour attirer des travailleurs qualifi\u00e9s de neuf pays hors de l&#8217;Union Europ\u00e9enne, ciblant le Maroc, le Ghana, la Tunisie, l&#8217;\u00c9gypte, la Jordanie, le Nigeria, l&#8217;Irak, le Pakistan et l&#8217;Indon\u00e9sie. Un budget de 150 millions d&#8217;euros sera consacr\u00e9 \u00e0 cette fin.<\/p>\n\n\n\n<p>Le Ministre allemand du Travail, Hubertus Heil, a d\u00e9clar\u00e9 tout r\u00e9cemment que le nouveau cadre juridique est \u00abune l\u00e9gislation moderne en mati\u00e8re d&#8217;immigration\u00bb. Cette r\u00e9forme phare du gouvernement d&#8217;Olaf Scholz, adopt\u00e9e en Conseil des ministres, all\u00e8ge fortement les conditions d&#8217;acc\u00e8s au march\u00e9 du travail. Ainsi, la pr\u00e9sentation d&#8217;un contrat de travail ne sera plus n\u00e9cessaire pour venir en Allemagne. Mieux encore, le candidat \u00e0 l&#8217;immigration \u00e9conomique pourra obtenir un visa de six mois, renouvelable une fois, pour rechercher du travail en Allemagne, \u00e0 condition de disposer des fonds n\u00e9cessaires pour subvenir \u00e0 ses besoins. L&#8217;exigence linguistique ne sera plus de mise aussi, car il suffira de prendre des cours de langue une fois sur le territoire allemand. Dans le m\u00eame sillage, les &nbsp;proc\u00e9dures de reconnaissance des dipl\u00f4mes \u00e9trangers seront simplifi\u00e9es.<\/p>\n\n\n\n<p><strong>C. A.<\/strong><\/p>\n","protected":false},"excerpt":{"rendered":"<p>Frapp\u00e9e par le vieillissement de sa population, le manque de main-d&#8217;\u0153uvre qualifi\u00e9e et les pertes humaines \u00e0 cause de la pand\u00e9mie, l&#8217;Allemagne a adopt\u00e9 derni\u00e8rement un nouveau cadre juridique pour faciliter l&#8217;entr\u00e9e sur son territoire aux personnes \u00e9trang\u00e8res qualifi\u00e9es, d\u00e9tentrices d&#8217;un dipl\u00f4me de qualification professionnelle reconnu par les autorit\u00e9s locales ou d&#8217;un dipl\u00f4me d&#8217;\u00e9tudes sup\u00e9rieures, &hellip;<\/p>\n","protected":false},"author":9,"featured_media":21870,"comment_status":"open","ping_status":"closed","sticky":false,"template":"","format":"standard","meta":{"footnotes":""},"categories":[200],"tags":[],"class_list":["post-21869","post","type-post","status-publish","format-standard","has-post-thumbnail","hentry","category-emploi"],"_links":{"self":[{"href":"https:\/\/letempsmag.ma\/index.php?rest_route=\/wp\/v2\/posts\/21869","targetHints":{"allow":["GET"]}}],"collection":[{"href":"https:\/\/letempsmag.ma\/index.php?rest_route=\/wp\/v2\/posts"}],"about":[{"href":"https:\/\/letempsmag.ma\/index.php?rest_route=\/wp\/v2\/types\/post"}],"author":[{"embeddable":true,"href":"https:\/\/letempsmag.ma\/index.php?rest_route=\/wp\/v2\/users\/9"}],"replies":[{"embeddable":true,"href":"https:\/\/letempsmag.ma\/index.php?rest_route=%2Fwp%2Fv2%2Fcomments&post=21869"}],"version-history":[{"count":1,"href":"https:\/\/letempsmag.ma\/index.php?rest_route=\/wp\/v2\/posts\/21869\/revisions"}],"predecessor-version":[{"id":21871,"href":"https:\/\/letempsmag.ma\/index.php?rest_route=\/wp\/v2\/posts\/21869\/revisions\/21871"}],"wp:featuredmedia":[{"embeddable":true,"href":"https:\/\/letempsmag.ma\/index.php?rest_route=\/wp\/v2\/media\/21870"}],"wp:attachment":[{"href":"https:\/\/letempsmag.ma\/index.php?rest_route=%2Fwp%2Fv2%2Fmedia&parent=21869"}],"wp:term":[{"taxonomy":"category","embeddable":true,"href":"https:\/\/letempsmag.ma\/index.php?rest_route=%2Fwp%2Fv2%2Fcategories&post=21869"},{"taxonomy":"post_tag","embeddable":true,"href":"https:\/\/letempsmag.ma\/index.php?rest_route=%2Fwp%2Fv2%2Ftags&post=21869"}],"curies":[{"name":"wp","href":"https:\/\/api.w.org\/{rel}","templated":true}]}}