{"id":21852,"date":"2023-04-04T11:09:13","date_gmt":"2023-04-04T10:09:13","guid":{"rendered":"https:\/\/letempsmag.ma\/?p=21852"},"modified":"2023-04-04T11:09:14","modified_gmt":"2023-04-04T10:09:14","slug":"le-maroc-beneficie-dun-pret-de-450-millions-de-dollars-de-la-banque-mondiale","status":"publish","type":"post","link":"https:\/\/letempsmag.ma\/?p=21852","title":{"rendered":"Le Maroc b\u00e9n\u00e9ficie d&#8217;un pr\u00eat de 450 millions de dollars de la Banque Mondiale"},"content":{"rendered":"\n<p>La Banque Mondiale, via son Conseil d&#8217;administration, a donn\u00e9 son feu vert pour l&#8217;octroi d&#8217;un pr\u00eat de politique de d\u00e9veloppement de 450 millions de dollars (environ 3,6 milliards de DH) en faveur du Maroc. Cette manne financi\u00e8re servira \u00e0 d\u00e9velopper l&#8217;inclusion financi\u00e8re et num\u00e9rique en compl\u00e9ment des deux financements pr\u00e9c\u00e9dents.<\/p>\n\n\n\n<p>Dans un communiqu\u00e9 publi\u00e9 hier, l&#8217;institution de Bretton Woods a soulign\u00e9 que \u00abCette s\u00e9rie de projets de financement appuie le gouvernement du Maroc dans la mise en \u0153uvre des r\u00e9formes visant \u00e0 am\u00e9liorer l&#8217;inclusion financi\u00e8re, l&#8217;entrepreneuriat num\u00e9rique et l&#8217;acc\u00e8s des particuliers et des entreprises aux infrastructures et aux services num\u00e9riques\u00bb. Ces fonds ont permis de d\u00e9velopper l&#8217;infrastructure des paiements num\u00e9riques, ajoute le communiqu\u00e9, pr\u00e9cisant qu&#8217;actuellement 31% des zones rurales sont couvertes par des r\u00e9seaux de paiement mobile et 19 prestataires proposent leurs services. La valeur des paiements num\u00e9riques a consid\u00e9rablement augment\u00e9, atteignant 2 milliards de DH en 2021, posant ainsi les bases de la r\u00e9forme des programmes de protection sociale gr\u00e2ce aux transferts mon\u00e9taires num\u00e9riques. Ils ont aussi permis le d\u00e9veloppement de la micro-assurance, du registre des nantissements et des garanties permettant de faciliter l&#8217;acc\u00e8s au cr\u00e9dit des PME.<\/p>\n\n\n\n<p>Selon Jesko Hentschel, Directeur pour le Maghreb et Malte \u00e0 la Banque Mondiale, \u00abce troisi\u00e8me financement s&#8217;inscrit dans les recommandations du nouveau Mod\u00e8le de d\u00e9veloppement du Maroc qui souligne la n\u00e9cessit\u00e9 d&#8217;un changement de paradigme visant \u00e0 promouvoir une croissance inclusive et tir\u00e9e par le secteur priv\u00e9 afin d&#8217;am\u00e9liorer les services publics et de r\u00e9duire les disparit\u00e9s sociales et g\u00e9ographiques\u00bb.<\/p>\n\n\n\n<p><strong>Avec MAP<\/strong><\/p>\n","protected":false},"excerpt":{"rendered":"<p>La Banque Mondiale, via son Conseil d&#8217;administration, a donn\u00e9 son feu vert pour l&#8217;octroi d&#8217;un pr\u00eat de politique de d\u00e9veloppement de 450 millions de dollars (environ 3,6 milliards de DH) en faveur du Maroc. Cette manne financi\u00e8re servira \u00e0 d\u00e9velopper l&#8217;inclusion financi\u00e8re et num\u00e9rique en compl\u00e9ment des deux financements pr\u00e9c\u00e9dents. Dans un communiqu\u00e9 publi\u00e9 hier, &hellip;<\/p>\n","protected":false},"author":9,"featured_media":21853,"comment_status":"open","ping_status":"closed","sticky":false,"template":"","format":"standard","meta":{"footnotes":""},"categories":[412],"tags":[],"class_list":["post-21852","post","type-post","status-publish","format-standard","has-post-thumbnail","hentry","category-inclusion-financiere"],"_links":{"self":[{"href":"https:\/\/letempsmag.ma\/index.php?rest_route=\/wp\/v2\/posts\/21852","targetHints":{"allow":["GET"]}}],"collection":[{"href":"https:\/\/letempsmag.ma\/index.php?rest_route=\/wp\/v2\/posts"}],"about":[{"href":"https:\/\/letempsmag.ma\/index.php?rest_route=\/wp\/v2\/types\/post"}],"author":[{"embeddable":true,"href":"https:\/\/letempsmag.ma\/index.php?rest_route=\/wp\/v2\/users\/9"}],"replies":[{"embeddable":true,"href":"https:\/\/letempsmag.ma\/index.php?rest_route=%2Fwp%2Fv2%2Fcomments&post=21852"}],"version-history":[{"count":1,"href":"https:\/\/letempsmag.ma\/index.php?rest_route=\/wp\/v2\/posts\/21852\/revisions"}],"predecessor-version":[{"id":21854,"href":"https:\/\/letempsmag.ma\/index.php?rest_route=\/wp\/v2\/posts\/21852\/revisions\/21854"}],"wp:featuredmedia":[{"embeddable":true,"href":"https:\/\/letempsmag.ma\/index.php?rest_route=\/wp\/v2\/media\/21853"}],"wp:attachment":[{"href":"https:\/\/letempsmag.ma\/index.php?rest_route=%2Fwp%2Fv2%2Fmedia&parent=21852"}],"wp:term":[{"taxonomy":"category","embeddable":true,"href":"https:\/\/letempsmag.ma\/index.php?rest_route=%2Fwp%2Fv2%2Fcategories&post=21852"},{"taxonomy":"post_tag","embeddable":true,"href":"https:\/\/letempsmag.ma\/index.php?rest_route=%2Fwp%2Fv2%2Ftags&post=21852"}],"curies":[{"name":"wp","href":"https:\/\/api.w.org\/{rel}","templated":true}]}}