{"id":21739,"date":"2023-03-28T09:51:52","date_gmt":"2023-03-28T08:51:52","guid":{"rendered":"https:\/\/letempsmag.ma\/?p=21739"},"modified":"2023-03-28T09:51:53","modified_gmt":"2023-03-28T08:51:53","slug":"la-compagnie-deploie-ses-ailes-pour-la-saison-estivale","status":"publish","type":"post","link":"https:\/\/letempsmag.ma\/?p=21739","title":{"rendered":"<strong>La compagnie d\u00e9ploie ses ailes pour la saison estivale<\/strong>"},"content":{"rendered":"\n<p>La compagnie nationale, la Royal Air Maroc, afin de faire face \u00e0 la hausse de la demande durant l\u2019\u00e9t\u00e9, a d\u00e9ploy\u00e9 un programme de vols exceptionnel qui comprend quelque 6,2 millions de si\u00e8ges sur plus de 90 destinations, six nouvelles lignes entre le Nord du Maroc et l\u2019Europe et le renforcement de la flotte par l\u2019affr\u00e8tement de six avions.<\/p>\n\n\n\n<p>Ces mesures ont \u00e9t\u00e9 prises \u00e0 la veille d\u2019une saison d\u2019\u00e9t\u00e9 qui s\u2019annonce exceptionnelle, dans un contexte porteur marqu\u00e9 par une bonne reprise des voyages d\u2019affaires et de tourisme.<\/p>\n\n\n\n<p>Royal Air Maroc mettra en place une offre de 6,2 millions de si\u00e8ges sur plus de 90 destinations \u00e0 travers les quatre continents. Cette augmentation de l\u2019offre fait suite au r\u00e9tablissement de la quasi-totalit\u00e9 des routes qui avaient \u00e9t\u00e9 suspendues pendant la crise sanitaire et \u00e0 l\u2019ouverture de nouvelles lignes en 2022 telles que Tel Aviv, Duba\u00ef, S\u00e9ville, Porto\u2026 Aujourd\u2019hui, Royal Air Maroc a recouvert pr\u00e8s de 95% de son r\u00e9seau de 2019. La Compagnie d\u00e9ploie ainsi ses nouvelles capacit\u00e9s pour faciliter le d\u00e9placement de ses clients en p\u00e9riode estivale notamment les Marocains du monde. Ainsi, plus de 2,3 millions de si\u00e8ges seront d\u00e9ploy\u00e9s sur le continent europ\u00e9en et quelque 902 vols par semaine relieront 11 a\u00e9roports marocains \u00e0 34 a\u00e9roports europ\u00e9ens.<\/p>\n\n\n\n<p>Sur l\u2019Am\u00e9rique du Nord, la compagnie proposera pr\u00e8s de 500.000 si\u00e8ges, soit 6% de plus que l\u2019offre propos\u00e9e en \u00e9t\u00e9 2019. Transporteur panafricain au service des diasporas d\u2019Afrique, Royal Air Maroc renforce son r\u00e9seau continental qui passera \u00e0 26 routes a\u00e9riennes avec une offre de 901.800 si\u00e8ges.<\/p>\n\n\n\n<p>Royal Air Maroc proposera aussi 200.000 si\u00e8ges sur ses routes du Moyen Orient, soit une hausse de 25% par rapport \u00e0 l\u2019offre de l\u2019\u00e9t\u00e9 2019. \u00ab R\u00e9ussir cette saison estivale 2023 dans des conditions d\u2019efficacit\u00e9 op\u00e9rationnelle et de qualit\u00e9 de service est un enjeu majeur pour l\u2019ensemble des forces vives de Royal Air Maroc, \u00e0 l\u2019heure o\u00f9 notre secteur d\u2019activit\u00e9 retrouve une dynamique tr\u00e8s positive \u00bb, souligne M. Hamid ADDOU, Pr\u00e9sident Directeur G\u00e9n\u00e9ral de Royal Air Maroc.<\/p>\n\n\n\n<p>Par ailleurs, les routes reliant l\u2019Europe au Nord du Maroc \u00e0 l\u2019Oriental b\u00e9n\u00e9ficieront \u00e9galement d\u2019un programme exceptionnel. Ainsi, Royal Air Maroc renforcera la dizaine de routes a\u00e9riennes r\u00e9guli\u00e8res reliant Tanger, Nador et Oujda aux villes europ\u00e9ennes. En p\u00e9riode estivale, la Compagnie Nationale proposera six nouvelles lignes a\u00e9riennes directes reliant ces trois villes \u00e0 l\u2019Europe, notamment sur les m\u00e9tropoles abritant une grande communaut\u00e9 des Marocains du monde. En effet, la compagnie programmera trois lignes directes suppl\u00e9mentaires reliant Tanger \u00e0 Madrid, Barcelone et Londres. Elle mettra en place aussi deux liaisons directes reliant Nador \u00e0 Madrid et \u00e0 Barcelone. Une route a\u00e9rienne directe suppl\u00e9mentaire reliera Oujda \u00e0 D\u00fcsseldorf.<\/p>\n\n\n\n<p>Par ailleurs, un renforcement particulier sera assur\u00e9 sur les march\u00e9s abritant d\u2019importantes communaut\u00e9s de Marocains du monde et qui connaissent une forte demande en \u00e9t\u00e9. Les lignes reliant Casablanca \u00e0 Barcelone, Bologne, Malaga, Madrid, Bruxelles et Milan, passeront ainsi \u00e0 deux vols quotidiens.<\/p>\n\n\n\n<p>Enfin, afin de renforcer ses moyens propres et assurer le lancement de ce programme dans les meilleures conditions, Royal Air Maroc proc\u00e9dera \u00e0 l\u2019affr\u00e8tement de six appareils de derni\u00e8re g\u00e9n\u00e9ration aupr\u00e8s de compagnies de renomm\u00e9e internationale.<\/p>\n","protected":false},"excerpt":{"rendered":"<p>La compagnie nationale, la Royal Air Maroc, afin de faire face \u00e0 la hausse de la demande durant l\u2019\u00e9t\u00e9, a d\u00e9ploy\u00e9 un programme de vols exceptionnel qui comprend quelque 6,2 millions de si\u00e8ges sur plus de 90 destinations, six nouvelles lignes entre le Nord du Maroc et l\u2019Europe et le renforcement de la flotte par &hellip;<\/p>\n","protected":false},"author":9,"featured_media":21740,"comment_status":"open","ping_status":"closed","sticky":false,"template":"","format":"standard","meta":{"footnotes":""},"categories":[969],"tags":[],"class_list":["post-21739","post","type-post","status-publish","format-standard","has-post-thumbnail","hentry","category-ram"],"_links":{"self":[{"href":"https:\/\/letempsmag.ma\/index.php?rest_route=\/wp\/v2\/posts\/21739","targetHints":{"allow":["GET"]}}],"collection":[{"href":"https:\/\/letempsmag.ma\/index.php?rest_route=\/wp\/v2\/posts"}],"about":[{"href":"https:\/\/letempsmag.ma\/index.php?rest_route=\/wp\/v2\/types\/post"}],"author":[{"embeddable":true,"href":"https:\/\/letempsmag.ma\/index.php?rest_route=\/wp\/v2\/users\/9"}],"replies":[{"embeddable":true,"href":"https:\/\/letempsmag.ma\/index.php?rest_route=%2Fwp%2Fv2%2Fcomments&post=21739"}],"version-history":[{"count":1,"href":"https:\/\/letempsmag.ma\/index.php?rest_route=\/wp\/v2\/posts\/21739\/revisions"}],"predecessor-version":[{"id":21741,"href":"https:\/\/letempsmag.ma\/index.php?rest_route=\/wp\/v2\/posts\/21739\/revisions\/21741"}],"wp:featuredmedia":[{"embeddable":true,"href":"https:\/\/letempsmag.ma\/index.php?rest_route=\/wp\/v2\/media\/21740"}],"wp:attachment":[{"href":"https:\/\/letempsmag.ma\/index.php?rest_route=%2Fwp%2Fv2%2Fmedia&parent=21739"}],"wp:term":[{"taxonomy":"category","embeddable":true,"href":"https:\/\/letempsmag.ma\/index.php?rest_route=%2Fwp%2Fv2%2Fcategories&post=21739"},{"taxonomy":"post_tag","embeddable":true,"href":"https:\/\/letempsmag.ma\/index.php?rest_route=%2Fwp%2Fv2%2Ftags&post=21739"}],"curies":[{"name":"wp","href":"https:\/\/api.w.org\/{rel}","templated":true}]}}