{"id":21664,"date":"2023-03-24T11:56:50","date_gmt":"2023-03-24T10:56:50","guid":{"rendered":"https:\/\/letempsmag.ma\/?p=21664"},"modified":"2023-03-24T11:56:51","modified_gmt":"2023-03-24T10:56:51","slug":"le-ministere-de-la-jeunesse-amideast-et-boeing-font-le-buzz-a-rabat","status":"publish","type":"post","link":"https:\/\/letempsmag.ma\/?p=21664","title":{"rendered":"<strong>Le minist\u00e8re de la Jeunesse, Amideast et Boeing font le buzz \u00e0 Rabat<\/strong>"},"content":{"rendered":"\n<p>Le minist\u00e8re de la Jeunesse de la Culture et de la Communication, l\u2019avionneur mondial Boeing et Amideast viennent de lancer \u00e0 Rabat un programme innovant d\u2019enseignement et de formation aux disciplines techniques et scientifiques. L\u2019objectif\u00a0: approfondir la sensibilisation des jeunes Marocains \u00e0 la durabilit\u00e9 environnementale tout en leur apportant les comp\u00e9tences dont ils ont besoin pour relever ces d\u00e9fis. Amideast est une organisation am\u00e9ricaine \u00e0 but non lucratif, engag\u00e9e dans des activit\u00e9s internationales d\u2019\u00e9ducation, de formation et de d\u00e9veloppement au Moyen-Orient et en Afrique, dont le Maroc. 60 jeunes filles et gar\u00e7ons (18 \u00e0 25 ans) participeront \u00e0 ce programme qui d\u00e9butera au mois d\u2019avril prochain. Le lancement de ce programme a eu lieu officiellement le 21 mars courant\u00a0 dans les locaux de la Maison de Jeunes Ennour, \u00e9tablissement rattach\u00e9 au minist\u00e8re de la Jeunesse, de la Culture et de la Communication et situ\u00e9 dans l\u2019arrondissement Yacoub El Mansour \u00e0 Rabat. Le programme y sera h\u00e9berg\u00e9 au cours des quatre prochains mois. Le programme a pour finalit\u00e9 d\u2019accro\u00eetre leur sensibilisation aux opportunit\u00e9s de carri\u00e8re qu\u2019offrent les mati\u00e8res scientifiques et techniques par le biais de pr\u00e9sentations en salle de classe, ainsi que de visites de sites o\u00f9 les d\u00e9fis environnementaux sont \u00e9lev\u00e9s.<\/p>\n","protected":false},"excerpt":{"rendered":"<p>Le minist\u00e8re de la Jeunesse de la Culture et de la Communication, l\u2019avionneur mondial Boeing et Amideast viennent de lancer \u00e0 Rabat un programme innovant d\u2019enseignement et de formation aux disciplines techniques et scientifiques. L\u2019objectif\u00a0: approfondir la sensibilisation des jeunes Marocains \u00e0 la durabilit\u00e9 environnementale tout en leur apportant les comp\u00e9tences dont ils ont besoin &hellip;<\/p>\n","protected":false},"author":9,"featured_media":21665,"comment_status":"open","ping_status":"closed","sticky":false,"template":"","format":"standard","meta":{"footnotes":""},"categories":[37],"tags":[],"class_list":["post-21664","post","type-post","status-publish","format-standard","has-post-thumbnail","hentry","category-formation"],"_links":{"self":[{"href":"https:\/\/letempsmag.ma\/index.php?rest_route=\/wp\/v2\/posts\/21664","targetHints":{"allow":["GET"]}}],"collection":[{"href":"https:\/\/letempsmag.ma\/index.php?rest_route=\/wp\/v2\/posts"}],"about":[{"href":"https:\/\/letempsmag.ma\/index.php?rest_route=\/wp\/v2\/types\/post"}],"author":[{"embeddable":true,"href":"https:\/\/letempsmag.ma\/index.php?rest_route=\/wp\/v2\/users\/9"}],"replies":[{"embeddable":true,"href":"https:\/\/letempsmag.ma\/index.php?rest_route=%2Fwp%2Fv2%2Fcomments&post=21664"}],"version-history":[{"count":1,"href":"https:\/\/letempsmag.ma\/index.php?rest_route=\/wp\/v2\/posts\/21664\/revisions"}],"predecessor-version":[{"id":21666,"href":"https:\/\/letempsmag.ma\/index.php?rest_route=\/wp\/v2\/posts\/21664\/revisions\/21666"}],"wp:featuredmedia":[{"embeddable":true,"href":"https:\/\/letempsmag.ma\/index.php?rest_route=\/wp\/v2\/media\/21665"}],"wp:attachment":[{"href":"https:\/\/letempsmag.ma\/index.php?rest_route=%2Fwp%2Fv2%2Fmedia&parent=21664"}],"wp:term":[{"taxonomy":"category","embeddable":true,"href":"https:\/\/letempsmag.ma\/index.php?rest_route=%2Fwp%2Fv2%2Fcategories&post=21664"},{"taxonomy":"post_tag","embeddable":true,"href":"https:\/\/letempsmag.ma\/index.php?rest_route=%2Fwp%2Fv2%2Ftags&post=21664"}],"curies":[{"name":"wp","href":"https:\/\/api.w.org\/{rel}","templated":true}]}}