{"id":21644,"date":"2023-03-23T10:21:50","date_gmt":"2023-03-23T09:21:50","guid":{"rendered":"https:\/\/letempsmag.ma\/?p=21644"},"modified":"2023-03-23T10:21:51","modified_gmt":"2023-03-23T09:21:51","slug":"wafa-assurance-affiche-un-excellent-bilan-2022","status":"publish","type":"post","link":"https:\/\/letempsmag.ma\/?p=21644","title":{"rendered":"<strong>Wafa Assurance affiche un excellent bilan 2022<\/strong>"},"content":{"rendered":"\n<p>Le Conseil d\u2019administration de Wafa Assurance s\u2019est r\u00e9uni le 13 mars courant sous la pr\u00e9sidence de Mohamed Ramses Arroub pour examiner l\u2019activit\u00e9 de la compagnie et arr\u00eater les comptes au 31 d\u00e9cembre 2022. Il en ressort que le chiffre d\u2019affaires consolid\u00e9 de l\u2019exercice 2022 ressort \u00e0 11,63 milliards de DH, en hausse de 18,9% par rapport \u00e0 l\u2019exercice 2021. Une performance port\u00e9e par la bonne dynamique au Maroc et la croissance des filiales \u00e0 l\u2019international.<\/p>\n\n\n\n<p>Le chiffre d\u2019affaires consolid\u00e9 Vie s\u2019\u00e9l\u00e8ve \u00e0 6,62 milliards de DH, en hausse de 25% suite \u00e0 la bonne tenue de l\u2019activit\u00e9 \u00c9pargne et Pr\u00e9voyance de toutes les filiales ainsi que la performance de l\u2019activit\u00e9 au Maroc. Le chiffre d\u2019affaires consolid\u00e9 Non-Vie s\u2019\u00e9l\u00e8ve \u00e0 5,01 milliards de DH, en progression de 11,8% gr\u00e2ce \u00e0 la performance r\u00e9alis\u00e9e sur l\u2019ensemble des branches Dommages au Maroc et \u00e0 l\u2019international. Quant au RNPG (r\u00e9sultat net part du groupe) de l\u2019exercice 2022, il ressort \u00e0 776 millions de DH contre 424 millions de DH en 2021, en progression de 83% sous l\u2019effet de l\u2019am\u00e9lioration de la sinistralit\u00e9 en Vie, de la bonne tenue des indicateurs techniques et du financier r\u00e9current en Non-Vie. Les capitaux propres (part du groupe) ressortent \u00e0 8,05 milliards de DH au 31 d\u00e9cembre 2022 contre. 9,19 milliards de DH en 2021, en baisse de 12,4% suite au recul des plus-values latentes dans un march\u00e9 boursier baissier.<\/p>\n\n\n\n<p>En social, le chiffre d\u2019affaires de Wafa Assurance en 2022 ressort \u00e0 10,42 milliards de DH, en progression de 14,7% par rapport \u00e0 l\u2019exercice 2021. L\u2019activit\u00e9 Vie ressort \u00e0 5,94 milliards de DH, en progression de 18,7%, port\u00e9e par la performance en \u00c9pargne et la bonne tenue de la Pr\u00e9voyance. L\u2019activit\u00e9 Non-Vie progresse de 9,8%, \u00e0 4,48 En 2022, gr\u00e2ce \u00e0 la performance de l\u2019ensemble des branches Non-Vie.<\/p>\n\n\n\n<p>Le r\u00e9sultat net social ressort \u00e0 607 millions de DH, en progression de 13,2% par rapport \u00e0 2021 suite \u00e0 l\u2019am\u00e9lioration des indicateurs techniques et du financier r\u00e9current. Le r\u00e9sultat Vie ressort \u00e0 457 millions de DH, en progression de 8,7% suite au d\u00e9veloppement de l\u2019activit\u00e9 et \u00e0 l\u2019am\u00e9lioration de la sinistralit\u00e9. Quant au r\u00e9sultat Non-Vie, il s\u2019\u00e9tablit \u00e0 157 millions de DH, en baisse de 16,8%, impact\u00e9 par la baisse des march\u00e9s financiers, att\u00e9nu\u00e9e par l\u2019am\u00e9lioration du r\u00e9sultat financier r\u00e9current et l\u2019am\u00e9lioration de la sinistralit\u00e9. S\u2019agissant des fonds propres sociaux, ils s\u2019\u00e9l\u00e8vent \u00e0 6,35 milliards de DH en 2022, en hausse de 3%.<\/p>\n\n\n\n<p>Au vu des r\u00e9sultats enregistr\u00e9s et des perspectives de la compagnie, le Conseil d\u2019administration a d\u00e9cid\u00e9 de proposer \u00e0 l\u2019Assembl\u00e9e G\u00e9n\u00e9rale Ordinaire, convoqu\u00e9e pour le 10 mai 2023 \u00e0 11h, la distribution au titre de l\u2019exercice 2022 d\u2019un dividende de 130 DH par action.<\/p>\n\n\n\n<p>Wafa Assurance confirme ainsi son leadership et la solidit\u00e9 de ses fondamentaux en poursuivant le d\u00e9veloppement de ses activit\u00e9s. Le Conseil d\u2019administration a f\u00e9licit\u00e9 les \u00e9quipes de Wafa Assurance ainsi que les r\u00e9seaux partenaires pour les r\u00e9sultats r\u00e9alis\u00e9s au titre de 2022.<\/p>\n","protected":false},"excerpt":{"rendered":"<p>Le Conseil d\u2019administration de Wafa Assurance s\u2019est r\u00e9uni le 13 mars courant sous la pr\u00e9sidence de Mohamed Ramses Arroub pour examiner l\u2019activit\u00e9 de la compagnie et arr\u00eater les comptes au 31 d\u00e9cembre 2022. Il en ressort que le chiffre d\u2019affaires consolid\u00e9 de l\u2019exercice 2022 ressort \u00e0 11,63 milliards de DH, en hausse de 18,9% par &hellip;<\/p>\n","protected":false},"author":9,"featured_media":21645,"comment_status":"open","ping_status":"closed","sticky":false,"template":"","format":"standard","meta":{"footnotes":""},"categories":[403],"tags":[],"class_list":["post-21644","post","type-post","status-publish","format-standard","has-post-thumbnail","hentry","category-resultats-financiers"],"_links":{"self":[{"href":"https:\/\/letempsmag.ma\/index.php?rest_route=\/wp\/v2\/posts\/21644","targetHints":{"allow":["GET"]}}],"collection":[{"href":"https:\/\/letempsmag.ma\/index.php?rest_route=\/wp\/v2\/posts"}],"about":[{"href":"https:\/\/letempsmag.ma\/index.php?rest_route=\/wp\/v2\/types\/post"}],"author":[{"embeddable":true,"href":"https:\/\/letempsmag.ma\/index.php?rest_route=\/wp\/v2\/users\/9"}],"replies":[{"embeddable":true,"href":"https:\/\/letempsmag.ma\/index.php?rest_route=%2Fwp%2Fv2%2Fcomments&post=21644"}],"version-history":[{"count":1,"href":"https:\/\/letempsmag.ma\/index.php?rest_route=\/wp\/v2\/posts\/21644\/revisions"}],"predecessor-version":[{"id":21646,"href":"https:\/\/letempsmag.ma\/index.php?rest_route=\/wp\/v2\/posts\/21644\/revisions\/21646"}],"wp:featuredmedia":[{"embeddable":true,"href":"https:\/\/letempsmag.ma\/index.php?rest_route=\/wp\/v2\/media\/21645"}],"wp:attachment":[{"href":"https:\/\/letempsmag.ma\/index.php?rest_route=%2Fwp%2Fv2%2Fmedia&parent=21644"}],"wp:term":[{"taxonomy":"category","embeddable":true,"href":"https:\/\/letempsmag.ma\/index.php?rest_route=%2Fwp%2Fv2%2Fcategories&post=21644"},{"taxonomy":"post_tag","embeddable":true,"href":"https:\/\/letempsmag.ma\/index.php?rest_route=%2Fwp%2Fv2%2Ftags&post=21644"}],"curies":[{"name":"wp","href":"https:\/\/api.w.org\/{rel}","templated":true}]}}