{"id":21616,"date":"2023-03-22T11:48:02","date_gmt":"2023-03-22T10:48:02","guid":{"rendered":"https:\/\/letempsmag.ma\/?p=21616"},"modified":"2023-03-22T11:52:35","modified_gmt":"2023-03-22T10:52:35","slug":"15-000-jeunes-marocains-sensibilise-par-la-fondation-sanady-et-totalenergies","status":"publish","type":"post","link":"https:\/\/letempsmag.ma\/?p=21616","title":{"rendered":"15.000 jeunes marocains sensibilis\u00e9s par la Fondation Sanady et TotalEnergies"},"content":{"rendered":"\n<p>En partenariat avec TotalEnergies Marketing Maroc, TotalEnergiesFoundation, l\u2019AREF de Casablanca-Settat et la NARSA, la Fondation Sanady a lanc\u00e9, le 15 mars dernier, le programme \u00abVIA\u00bb d\u00e9velopp\u00e9 pour renforcer l\u2019\u00e9ducation \u00e0 la s\u00e9curit\u00e9 routi\u00e8re des \u00e9l\u00e8ves au Maroc. Au total, pr\u00e8s de 15.000 \u00e9l\u00e8ves de la r\u00e9gion de Casablanca-Settat vont b\u00e9n\u00e9ficier de ce programme.<\/p>\n\n\n\n<p>\u00abVIA\u00bb prend une nouvelle dimension au Maroc. D\u00e9ploy\u00e9 en 2018 par la Fondation Sanady, le programme est destin\u00e9 \u00e0 l\u2019\u00e9ducation pour une mobilit\u00e9 s\u00fbre et invite tous les \u00e9l\u00e8ves \u00e0 r\u00e9fl\u00e9chir \u00e0 leurs trajets quotidiens vers l\u2019\u00e9cole. Men\u00e9 en partenariat avec l\u2019Acad\u00e9mie R\u00e9gionale d&#8217;\u00c9ducation et de Formation (AREF) et l\u2019Agence Nationale de la S\u00e9curit\u00e9 Routi\u00e8re (NARSA), \u00abVIA\u00bb est port\u00e9 par une centaine d\u2019enseignants form\u00e9s \u00e0 l\u2019animation d\u2019ateliers d\u00e9di\u00e9s.<\/p>\n\n\n\n<p>Le programme vise \u00e0 amener les jeunes \u00e0 prendre conscience des risques li\u00e9s \u00e0 la circulation, puis \u00e0 formuler des recommandations pour am\u00e9liorer la s\u00e9curit\u00e9 de leurs d\u00e9placements autour de l\u2019\u00e9cole. Les responsables du programme s\u2019engagent \u00e0 proposer \u00e0 pr\u00e8s de 15.000 coll\u00e9giens de la r\u00e9gion Casablanca-Settat des ateliers de sensibilisation ainsi qu\u2019un concours d\u2019affiches sur la s\u00e9curit\u00e9 des jeunes pi\u00e9tons sur le chemin de l\u2019\u00e9cole. (Photo&nbsp;: aujourdhui.ma).<\/p>\n\n\n\n<p><strong>M. E.<\/strong><\/p>\n","protected":false},"excerpt":{"rendered":"<p>En partenariat avec TotalEnergies Marketing Maroc, TotalEnergiesFoundation, l\u2019AREF de Casablanca-Settat et la NARSA, la Fondation Sanady a lanc\u00e9, le 15 mars dernier, le programme \u00abVIA\u00bb d\u00e9velopp\u00e9 pour renforcer l\u2019\u00e9ducation \u00e0 la s\u00e9curit\u00e9 routi\u00e8re des \u00e9l\u00e8ves au Maroc. Au total, pr\u00e8s de 15.000 \u00e9l\u00e8ves de la r\u00e9gion de Casablanca-Settat vont b\u00e9n\u00e9ficier de ce programme. \u00abVIA\u00bb prend &hellip;<\/p>\n","protected":false},"author":9,"featured_media":21617,"comment_status":"open","ping_status":"closed","sticky":false,"template":"","format":"standard","meta":{"footnotes":""},"categories":[619],"tags":[],"class_list":["post-21616","post","type-post","status-publish","format-standard","has-post-thumbnail","hentry","category-securite-routiere"],"_links":{"self":[{"href":"https:\/\/letempsmag.ma\/index.php?rest_route=\/wp\/v2\/posts\/21616","targetHints":{"allow":["GET"]}}],"collection":[{"href":"https:\/\/letempsmag.ma\/index.php?rest_route=\/wp\/v2\/posts"}],"about":[{"href":"https:\/\/letempsmag.ma\/index.php?rest_route=\/wp\/v2\/types\/post"}],"author":[{"embeddable":true,"href":"https:\/\/letempsmag.ma\/index.php?rest_route=\/wp\/v2\/users\/9"}],"replies":[{"embeddable":true,"href":"https:\/\/letempsmag.ma\/index.php?rest_route=%2Fwp%2Fv2%2Fcomments&post=21616"}],"version-history":[{"count":2,"href":"https:\/\/letempsmag.ma\/index.php?rest_route=\/wp\/v2\/posts\/21616\/revisions"}],"predecessor-version":[{"id":21628,"href":"https:\/\/letempsmag.ma\/index.php?rest_route=\/wp\/v2\/posts\/21616\/revisions\/21628"}],"wp:featuredmedia":[{"embeddable":true,"href":"https:\/\/letempsmag.ma\/index.php?rest_route=\/wp\/v2\/media\/21617"}],"wp:attachment":[{"href":"https:\/\/letempsmag.ma\/index.php?rest_route=%2Fwp%2Fv2%2Fmedia&parent=21616"}],"wp:term":[{"taxonomy":"category","embeddable":true,"href":"https:\/\/letempsmag.ma\/index.php?rest_route=%2Fwp%2Fv2%2Fcategories&post=21616"},{"taxonomy":"post_tag","embeddable":true,"href":"https:\/\/letempsmag.ma\/index.php?rest_route=%2Fwp%2Fv2%2Ftags&post=21616"}],"curies":[{"name":"wp","href":"https:\/\/api.w.org\/{rel}","templated":true}]}}