{"id":21607,"date":"2023-03-21T09:43:24","date_gmt":"2023-03-21T08:43:24","guid":{"rendered":"https:\/\/letempsmag.ma\/?p=21607"},"modified":"2023-03-21T09:43:26","modified_gmt":"2023-03-21T08:43:26","slug":"inauguration-dune-premiere-usine-a-oujda","status":"publish","type":"post","link":"https:\/\/letempsmag.ma\/?p=21607","title":{"rendered":"<strong>Inauguration d\u2019une premi\u00e8re usine \u00e0 Oujda<\/strong>"},"content":{"rendered":"\n<p>Avec sa nouvelle usine \u00e0 Oujda, Aptiv se positionne l\u2019employeur majeur de la r\u00e9gion de l\u2019oriental avec la cr\u00e9ation de plus de 3000 emplois directs \u00e0 terme. L\u2019usine Aptiv Services Oujda assemblera des faisceaux \u00e9lectriques pour l\u2019un des plus importants constructeurs automobiles mondial. L\u2019entreprise a lanc\u00e9 officiellement le 18 mars ses activit\u00e9s au sein de sa nouvelle unit\u00e9 de Production de Oujda, qui devient le 7\u00e8me site de production et le 10\u00e8me site d\u2019activit\u00e9 du Groupe Aptiv au Maroc.<\/p>\n\n\n\n<p>La c\u00e9r\u00e9monie d\u2019inauguration a \u00e9t\u00e9 marqu\u00e9e par la pr\u00e9sence du Ministre de l\u2019Industrie et du Commerce, M. Ryad Mezzour, du Ministre de l\u2019Equipement et de l\u2019Eau, M. Nizar Baraka,du Ministre de l\u2019Agriculture, M. Mohamed Sadiki, de la Ministre de la Transition \u00e9nerg\u00e9tique et du D\u00e9veloppement durable, Mme Leila Benali, de la Ministre de la Solidarit\u00e9, de l\u2019Insertion sociale et de la Famille, Mme Aawatif Hayar, du Ministre D\u00e9l\u00e9gu\u00e9 aupr\u00e8s du Chef Du Gouvernement charg\u00e9 de l\u2019Investissement, de la Convergence et de l\u2019\u00e9valuation des Politiques publiques, M. Mohcine Jazouli, du Wali de la R\u00e9gion de l&#8217;Oriental, Gouverneur de la Pr\u00e9fecture Oujda-Angad, M. Mouaad Jamai, du Pr\u00e9sident du Conseil de la R\u00e9gion de l\u2019Oriental, M.Abdenbi Biioui et des repr\u00e9sentants des autorit\u00e9s locales et administrations publiques, chambres professionnelles.<\/p>\n\n\n\n<p>Situ\u00e9e dans la zone Franche de Oujda sur un terrain de 8 hectares, mitoyen \u00e0 l\u2019a\u00e9roport, la construction de l\u2019usine a n\u00e9cessit\u00e9 un investissement de 394 millions de dirhams. Elle a \u00e9t\u00e9 con\u00e7ue pour \u00eatre \u00ab eco-friendly \u00bb, en ligne avec l\u2019engagement d\u2019Aptiv en mati\u00e8re de z\u00e9ro carbone d\u2019ici 2040. Les mat\u00e9riaux de fabrication et les \u00e9quipements (panneaux d\u2019isolation, panneaux solaires\u2026) permettront de r\u00e9duire de fa\u00e7on cons\u00e9quente la consommation de l\u2019eau et de l\u2019\u00e9lectricit\u00e9.<\/p>\n\n\n\n<p>Lanc\u00e9 le 24 janvier 2022, le chantier de construction s\u2019est achev\u00e9 en mars 2023, dans le total respect des d\u00e9lais stipul\u00e9s dans la convention d\u2019Investissement. En marge de la c\u00e9r\u00e9monie d\u2019inauguration, Mezzour a affirm\u00e9&nbsp;: \u00ab L\u2019inauguration d\u2019aujourd\u2019hui s&#8217;inscrit dans le cadre de L&#8217;Initiative Royale pour le d\u00e9veloppement de la r\u00e9gion de l\u2019Oriental. C\u2019est un premier projet dans l\u2019industrie automobile qui refl\u00e8te la capacit\u00e9 de la r\u00e9gion \u00e0 attirer des leaders mondiaux et ouvre la voie \u00e0 de nouveaux investissements cr\u00e9ateurs de richesses et d&#8217;emplois pour les jeunes\u00bb.<\/p>\n\n\n\n<p>\u00ab&nbsp;La concr\u00e9tisation de ce projet dans notre r\u00e9gion, montre la confiance que le Groupe Aptiv accorde au Maroc et aux talents marocains, gr\u00e2ce notamment \u00e0&nbsp; l\u2019engagement de nos 17 000 collaborateurs qui \u0153uvrent au quotidien pour promouvoir la qualit\u00e9 et la comp\u00e9titivit\u00e9 du Made in Morocco\u00bb a d\u00e9clar\u00e9, pour sa part, Mohammed Filali, Directeur G\u00e9n\u00e9ral de Aptiv Maroc, Tunisie, Turquie et Portugal, lors de l\u2019inauguration de l\u2019usine.<\/p>\n\n\n\n<p>Au Maroc, Aptiv a ouvert son 1er site de production en 1999, \u00e0 Tanger, et n\u2019a eu de cesse de se d\u00e9velopper depuis. Son activit\u00e9 compte 7 usines, 1 Satellite, 1 Hub Logistique et 1 Centre de D\u00e9veloppement, r\u00e9partis entre Tanger, Kenitra, Mekn\u00e8s et Oujda. L\u2019ann\u00e9e derni\u00e8re, Aptiv a lanc\u00e9 avec succ\u00e8s son Hub Logistique sur une superficie de 10.000 m\u00b2 au sein du&nbsp; Med Hub, une 1\u00e8re mondiale au sein du groupe Aptiv. Le groupe Aptiv est une entreprise de technologie internationale. Aptiv fournit \u00e0 la fois le \u00ab&nbsp;syst\u00e8me nerveux&nbsp;\u00bb et le \u00ab&nbsp;cerveau&nbsp;\u00bb du v\u00e9hicule, incluant le c\u00e2blage, les connecteurs, les centrales \u00e9lectriques et syst\u00e8mes \u00e9lectriques ainsi que les syst\u00e8mes hybrides.<\/p>\n","protected":false},"excerpt":{"rendered":"<p>Avec sa nouvelle usine \u00e0 Oujda, Aptiv se positionne l\u2019employeur majeur de la r\u00e9gion de l\u2019oriental avec la cr\u00e9ation de plus de 3000 emplois directs \u00e0 terme. L\u2019usine Aptiv Services Oujda assemblera des faisceaux \u00e9lectriques pour l\u2019un des plus importants constructeurs automobiles mondial. L\u2019entreprise a lanc\u00e9 officiellement le 18 mars ses activit\u00e9s au sein de &hellip;<\/p>\n","protected":false},"author":9,"featured_media":21608,"comment_status":"open","ping_status":"closed","sticky":false,"template":"","format":"standard","meta":{"footnotes":""},"categories":[1023],"tags":[],"class_list":["post-21607","post","type-post","status-publish","format-standard","has-post-thumbnail","hentry","category-aptiv"],"_links":{"self":[{"href":"https:\/\/letempsmag.ma\/index.php?rest_route=\/wp\/v2\/posts\/21607","targetHints":{"allow":["GET"]}}],"collection":[{"href":"https:\/\/letempsmag.ma\/index.php?rest_route=\/wp\/v2\/posts"}],"about":[{"href":"https:\/\/letempsmag.ma\/index.php?rest_route=\/wp\/v2\/types\/post"}],"author":[{"embeddable":true,"href":"https:\/\/letempsmag.ma\/index.php?rest_route=\/wp\/v2\/users\/9"}],"replies":[{"embeddable":true,"href":"https:\/\/letempsmag.ma\/index.php?rest_route=%2Fwp%2Fv2%2Fcomments&post=21607"}],"version-history":[{"count":1,"href":"https:\/\/letempsmag.ma\/index.php?rest_route=\/wp\/v2\/posts\/21607\/revisions"}],"predecessor-version":[{"id":21609,"href":"https:\/\/letempsmag.ma\/index.php?rest_route=\/wp\/v2\/posts\/21607\/revisions\/21609"}],"wp:featuredmedia":[{"embeddable":true,"href":"https:\/\/letempsmag.ma\/index.php?rest_route=\/wp\/v2\/media\/21608"}],"wp:attachment":[{"href":"https:\/\/letempsmag.ma\/index.php?rest_route=%2Fwp%2Fv2%2Fmedia&parent=21607"}],"wp:term":[{"taxonomy":"category","embeddable":true,"href":"https:\/\/letempsmag.ma\/index.php?rest_route=%2Fwp%2Fv2%2Fcategories&post=21607"},{"taxonomy":"post_tag","embeddable":true,"href":"https:\/\/letempsmag.ma\/index.php?rest_route=%2Fwp%2Fv2%2Ftags&post=21607"}],"curies":[{"name":"wp","href":"https:\/\/api.w.org\/{rel}","templated":true}]}}