{"id":21604,"date":"2023-03-21T09:42:12","date_gmt":"2023-03-21T08:42:12","guid":{"rendered":"https:\/\/letempsmag.ma\/?p=21604"},"modified":"2023-03-21T09:42:13","modified_gmt":"2023-03-21T08:42:13","slug":"declinaison-dune-partie-de-la-programmation","status":"publish","type":"post","link":"https:\/\/letempsmag.ma\/?p=21604","title":{"rendered":"<strong>D\u00e9clinaison d\u2019une partie de la programmation<\/strong>"},"content":{"rendered":"\n<p>Du 22 au 24 juin, la 16\u00e8me \u00e9dition Jazzablanca Festival viendra offrir trois jours de musique et de partage, \u00e0 Anfa Park (concerts payants) et \u00e0 la Place des Nations Unies (concerts gratuits). Apr\u00e8s avoir fait carton plein en 2022, Jazzablanca r\u00e9it\u00e8re sa formule originale :une programmation exigeante avec des concerts exceptionnels ; la d\u00e9couverte de nouveaux talents \u00e0 la rencontre de l\u00e9gendes internationales ; une exp\u00e9rience festive dans un cadre idyllique et l\u2019atmosph\u00e8re \u00e9clectique qui fait la marque de fabrique du festival.<\/p>\n\n\n\n<p>Le festival affiche sold out sur la vente des \u201cBlind Pass\u201d, qui a \u00e9t\u00e9 lanc\u00e9e mi-janvier 2023(Pass \u00e0 tarif r\u00e9duit pour les 3 jours du festival sans conna\u00eetre la programmation), un gage de confiance qu\u2019exprime le public pour le festival. La phase 1 de la billetterie d\u00e9marre aujourd\u2019hui, avec une premi\u00e8re partie de la programmation d\u00e9voil\u00e9e. Pour entamer cette 16\u00e8me \u00e9dition, le festival a le plaisir de pr\u00e9senter six premiers artistes de grand talent qui feront vibrer les deux sc\u00e8nes d\u2019Anfa Park, du 22 au 24 juin&nbsp;: Le blues-rock envo\u00fbtant de Beth Hart, la pop excentrique de Mika, la musique ancestrale de l&#8217;Afrique de l&#8217;Ouest avec la reine de la kora gambienne Sona Jobarteh, le jazz funk electro de &nbsp;Kamaal Williams, le jazz marocain aux accents orientaux du quartet d\u2019Ismail Sentissi et l&#8217;afro-funk de Gyedu-Blay Ambolley, ma\u00eetre incontest\u00e9 du highlife. Autant de styles et de genres musicaux qui raviront le public !<\/p>\n\n\n\n<p>Par ailleurs, le festival lance un appel \u00e0 projet pour les talents \u00e9mergents. Depuis 6 \u00e9ditions, Jazzablanca lance chaque ann\u00e9e son appel \u00e0 candidature pour les jeunes talents marocains \/ r\u00e9sidents au Maroc. Le festival confirme ainsi sa d\u00e9marche de promotion, de diffusion et de mise en valeur des artistes \u00e9mergents de la sc\u00e8ne marocaine. Les groupes laur\u00e9ats ont ainsi l\u2019opportunit\u00e9 de se produire dans des conditions professionnelles sur la Sc\u00e8ne BMCI, sc\u00e8ne publique du festival, \u00e0 la Place des Nations-Unies. &nbsp;L\u2019inscription est gratuite et ouverte \u00e0 toutes les formations musicales d\u00e9j\u00e0 \u00e9tablies. Toutes les formes de musiques actuelles sont concern\u00e9es. Les candidats devront \u00eatre en mesure de proposer au moins trois compositions originales et une prestation sc\u00e9nique d\u2019au moins une heure. Les personnes int\u00e9ress\u00e9es peuvent remplir le formulaire de candidature sur : <a href=\"https:\/\/docs.google.com\/forms\">https:\/\/docs.google.com\/forms<\/a><\/p>\n","protected":false},"excerpt":{"rendered":"<p>Du 22 au 24 juin, la 16\u00e8me \u00e9dition Jazzablanca Festival viendra offrir trois jours de musique et de partage, \u00e0 Anfa Park (concerts payants) et \u00e0 la Place des Nations Unies (concerts gratuits). Apr\u00e8s avoir fait carton plein en 2022, Jazzablanca r\u00e9it\u00e8re sa formule originale :une programmation exigeante avec des concerts exceptionnels ; la d\u00e9couverte &hellip;<\/p>\n","protected":false},"author":9,"featured_media":21605,"comment_status":"open","ping_status":"closed","sticky":false,"template":"","format":"standard","meta":{"footnotes":""},"categories":[1022],"tags":[],"class_list":["post-21604","post","type-post","status-publish","format-standard","has-post-thumbnail","hentry","category-jazzablanca"],"_links":{"self":[{"href":"https:\/\/letempsmag.ma\/index.php?rest_route=\/wp\/v2\/posts\/21604","targetHints":{"allow":["GET"]}}],"collection":[{"href":"https:\/\/letempsmag.ma\/index.php?rest_route=\/wp\/v2\/posts"}],"about":[{"href":"https:\/\/letempsmag.ma\/index.php?rest_route=\/wp\/v2\/types\/post"}],"author":[{"embeddable":true,"href":"https:\/\/letempsmag.ma\/index.php?rest_route=\/wp\/v2\/users\/9"}],"replies":[{"embeddable":true,"href":"https:\/\/letempsmag.ma\/index.php?rest_route=%2Fwp%2Fv2%2Fcomments&post=21604"}],"version-history":[{"count":1,"href":"https:\/\/letempsmag.ma\/index.php?rest_route=\/wp\/v2\/posts\/21604\/revisions"}],"predecessor-version":[{"id":21606,"href":"https:\/\/letempsmag.ma\/index.php?rest_route=\/wp\/v2\/posts\/21604\/revisions\/21606"}],"wp:featuredmedia":[{"embeddable":true,"href":"https:\/\/letempsmag.ma\/index.php?rest_route=\/wp\/v2\/media\/21605"}],"wp:attachment":[{"href":"https:\/\/letempsmag.ma\/index.php?rest_route=%2Fwp%2Fv2%2Fmedia&parent=21604"}],"wp:term":[{"taxonomy":"category","embeddable":true,"href":"https:\/\/letempsmag.ma\/index.php?rest_route=%2Fwp%2Fv2%2Fcategories&post=21604"},{"taxonomy":"post_tag","embeddable":true,"href":"https:\/\/letempsmag.ma\/index.php?rest_route=%2Fwp%2Fv2%2Ftags&post=21604"}],"curies":[{"name":"wp","href":"https:\/\/api.w.org\/{rel}","templated":true}]}}