{"id":21600,"date":"2023-03-21T09:40:52","date_gmt":"2023-03-21T08:40:52","guid":{"rendered":"https:\/\/letempsmag.ma\/?p=21600"},"modified":"2023-03-21T09:40:53","modified_gmt":"2023-03-21T08:40:53","slug":"deploiement-dun-programme-de-vols-exceptionnel-pour-reussir-les-operations-omra-et-hajj","status":"publish","type":"post","link":"https:\/\/letempsmag.ma\/?p=21600","title":{"rendered":"<strong>D\u00e9ploiement d\u2019un programme de vols exceptionnel pour r\u00e9ussir les op\u00e9rations Omra et Hajj<\/strong>"},"content":{"rendered":"\n<p>Pour assurer dans les meilleures conditions une saison Omra et Hajj 2023, Royal Air Maroc mobilise ses ressources humaines et mat\u00e9rielles pour r\u00e9ussir le d\u00e9placement des p\u00e8lerins vers les Lieux Saints. La compagnie nationale met en place un programme de vols offrant plus de 61.000 si\u00e8ges sur une centaine de vols reliant plusieurs villes marocaines \u00e0 Jeddah et M\u00e9dine.<\/p>\n\n\n\n<p>Pour l\u2019op\u00e9ration Omra du Ramadan qui s\u2019\u00e9tend du 18 mars au 04 mai, Royal Air Maroc programmera 28.000 si\u00e8ges sur des vols op\u00e9r\u00e9s par ses avions ainsi que par un appareil gros porteur affr\u00e9t\u00e9, d\u2019une capacit\u00e9 de 436 si\u00e8ges. Les vols directs seront programm\u00e9s au d\u00e9part des a\u00e9roports marocains suivants : Casablanca, Rabat, Tanger, Oujda, Fez, Marrakech et Agadir \u00e0 destination de Jeddah et M\u00e9dine.<\/p>\n\n\n\n<p>De m\u00eame pour l\u2019op\u00e9ration Hajj 2023, qui durera du 02 juin au 22 juillet (phase aller du 02 juin au 22 juin et phase retour du 02 juillet au 22 juillet), Royal Air Maroc a programm\u00e9 une capacit\u00e9 de 33.000 si\u00e8ges sur 54 vols op\u00e9r\u00e9s par les avions de la compagnie ainsi que par deux appareils gros porteurs affr\u00e9t\u00e9s, d\u2019une capacit\u00e9 moyenne de 350 si\u00e8ges chacun. Les trois avions gros porteurs suppl\u00e9mentaires ont \u00e9t\u00e9 affr\u00e9t\u00e9s aupr\u00e8s de compagnies de renomm\u00e9e internationale.<\/p>\n\n\n\n<p>Ces appareils de derni\u00e8re g\u00e9n\u00e9ration sont s\u00e9lectionn\u00e9s selon les crit\u00e8res de s\u00e9curit\u00e9 et de confort impos\u00e9s par Royal Air Maroc. Leur mise \u00e0 disposition r\u00e9pond \u00e0 un processus rigoureux respectueux des r\u00e9glementations et normes approuv\u00e9s par les autorit\u00e9s d\u2019aviation civile des pays o\u00f9 ils op\u00e8rent.<\/p>\n\n\n\n<p>Outre le renforcement de la flotte, et afin de r\u00e9ussir ces op\u00e9rations qui rev\u00eatent un caract\u00e8re religieux d\u2019une grande importance pour les Marocains, Royal Air Maroc a mis en place un dispositif de renfort sp\u00e9cial pour permettre aux p\u00e8lerins de se d\u00e9placer dans les meilleures conditions.<\/p>\n\n\n\n<p>La compagnie a ainsi renforc\u00e9 les ressources humaines notamment au niveau des a\u00e9roports marocains ainsi que sur Mekka, Jeddah et M\u00e9dine (au niveau des a\u00e9roports et des h\u00f4tels entre autres) pour assister les p\u00e8lerins marocains et leur faciliter les d\u00e9marches et proc\u00e9dures relatives au transport.<\/p>\n","protected":false},"excerpt":{"rendered":"<p>Pour assurer dans les meilleures conditions une saison Omra et Hajj 2023, Royal Air Maroc mobilise ses ressources humaines et mat\u00e9rielles pour r\u00e9ussir le d\u00e9placement des p\u00e8lerins vers les Lieux Saints. La compagnie nationale met en place un programme de vols offrant plus de 61.000 si\u00e8ges sur une centaine de vols reliant plusieurs villes marocaines &hellip;<\/p>\n","protected":false},"author":9,"featured_media":21601,"comment_status":"open","ping_status":"closed","sticky":false,"template":"","format":"standard","meta":{"footnotes":""},"categories":[969],"tags":[],"class_list":["post-21600","post","type-post","status-publish","format-standard","has-post-thumbnail","hentry","category-ram"],"_links":{"self":[{"href":"https:\/\/letempsmag.ma\/index.php?rest_route=\/wp\/v2\/posts\/21600","targetHints":{"allow":["GET"]}}],"collection":[{"href":"https:\/\/letempsmag.ma\/index.php?rest_route=\/wp\/v2\/posts"}],"about":[{"href":"https:\/\/letempsmag.ma\/index.php?rest_route=\/wp\/v2\/types\/post"}],"author":[{"embeddable":true,"href":"https:\/\/letempsmag.ma\/index.php?rest_route=\/wp\/v2\/users\/9"}],"replies":[{"embeddable":true,"href":"https:\/\/letempsmag.ma\/index.php?rest_route=%2Fwp%2Fv2%2Fcomments&post=21600"}],"version-history":[{"count":1,"href":"https:\/\/letempsmag.ma\/index.php?rest_route=\/wp\/v2\/posts\/21600\/revisions"}],"predecessor-version":[{"id":21602,"href":"https:\/\/letempsmag.ma\/index.php?rest_route=\/wp\/v2\/posts\/21600\/revisions\/21602"}],"wp:featuredmedia":[{"embeddable":true,"href":"https:\/\/letempsmag.ma\/index.php?rest_route=\/wp\/v2\/media\/21601"}],"wp:attachment":[{"href":"https:\/\/letempsmag.ma\/index.php?rest_route=%2Fwp%2Fv2%2Fmedia&parent=21600"}],"wp:term":[{"taxonomy":"category","embeddable":true,"href":"https:\/\/letempsmag.ma\/index.php?rest_route=%2Fwp%2Fv2%2Fcategories&post=21600"},{"taxonomy":"post_tag","embeddable":true,"href":"https:\/\/letempsmag.ma\/index.php?rest_route=%2Fwp%2Fv2%2Ftags&post=21600"}],"curies":[{"name":"wp","href":"https:\/\/api.w.org\/{rel}","templated":true}]}}