{"id":21591,"date":"2023-03-21T09:35:57","date_gmt":"2023-03-21T08:35:57","guid":{"rendered":"https:\/\/letempsmag.ma\/?p=21591"},"modified":"2023-03-21T09:36:26","modified_gmt":"2023-03-21T08:36:26","slug":"athakafia-devoile-sa-nouvelle-grille-pour-ramadan-2023","status":"publish","type":"post","link":"https:\/\/letempsmag.ma\/?p=21591","title":{"rendered":"<strong>Athakafia d\u00e9voile sa nouvelle grille Pour Ramadan 2023<\/strong>"},"content":{"rendered":"\n<p>La cha\u00eene Athakafia qui donne acc\u00e8s \u00e0 la culture et \u00e0 la cr\u00e9ation artistique sous toutes leurs formes a renforc\u00e9 sa programmation \u00e0 l\u2019occasion du mois sacr\u00e9 de ramadan. Une programmation riche, vari\u00e9e, et propice \u00e0 l\u2019esprit de ce mois de haute spiritualit\u00e9 et surtout adapt\u00e9e \u00e0 vos besoins et en phase avec le nouveau rythme de vie des t\u00e9l\u00e9spectateurs pendant ce mois b\u00e9ni. De l\u2019histoire, au patrimoine, en passant par l\u2019\u00e9ducation, l\u2019art, l\u2019environnement et la science. Voil\u00e0 un bouquet d\u2019\u00e9missions culturelles \u00e9difiantes qui agr\u00e9menteront vos soir\u00e9es ramadanesques.<\/p>\n\n\n\n<p>Parmi les \u00e9missions qui seront programm\u00e9es, l\u2019on peut citer&nbsp;:<\/p>\n\n\n\n<ul class=\"wp-block-list\">\n<li>Des Noms dans la M\u00e9moire&nbsp;;<\/li>\n\n\n\n<li>ZamaneTakafa&nbsp;;<\/li>\n\n\n\n<li>Moubdioune&nbsp;;<\/li>\n\n\n\n<li>&nbsp;Les aspects du soufisme chez les populations de Souss&nbsp;;<\/li>\n\n\n\n<li>Maa Taroub : les chansons religieuses&nbsp;;<\/li>\n\n\n\n<li>Al Bahit : les m\u00e9dersas : un patrimoine humain qui d\u00e9fie le temps.<\/li>\n<\/ul>\n\n\n\n<p>A travers une programmation vari\u00e9e, la cha\u00eene ambitionne de r\u00e9pondre aux attentes de ses t\u00e9l\u00e9spectateurs.<\/p>\n","protected":false},"excerpt":{"rendered":"<p>La cha\u00eene Athakafia qui donne acc\u00e8s \u00e0 la culture et \u00e0 la cr\u00e9ation artistique sous toutes leurs formes a renforc\u00e9 sa programmation \u00e0 l\u2019occasion du mois sacr\u00e9 de ramadan. Une programmation riche, vari\u00e9e, et propice \u00e0 l\u2019esprit de ce mois de haute spiritualit\u00e9 et surtout adapt\u00e9e \u00e0 vos besoins et en phase avec le nouveau &hellip;<\/p>\n","protected":false},"author":9,"featured_media":21592,"comment_status":"open","ping_status":"closed","sticky":false,"template":"","format":"standard","meta":{"footnotes":""},"categories":[1019],"tags":[],"class_list":["post-21591","post","type-post","status-publish","format-standard","has-post-thumbnail","hentry","category-medias-2"],"_links":{"self":[{"href":"https:\/\/letempsmag.ma\/index.php?rest_route=\/wp\/v2\/posts\/21591","targetHints":{"allow":["GET"]}}],"collection":[{"href":"https:\/\/letempsmag.ma\/index.php?rest_route=\/wp\/v2\/posts"}],"about":[{"href":"https:\/\/letempsmag.ma\/index.php?rest_route=\/wp\/v2\/types\/post"}],"author":[{"embeddable":true,"href":"https:\/\/letempsmag.ma\/index.php?rest_route=\/wp\/v2\/users\/9"}],"replies":[{"embeddable":true,"href":"https:\/\/letempsmag.ma\/index.php?rest_route=%2Fwp%2Fv2%2Fcomments&post=21591"}],"version-history":[{"count":1,"href":"https:\/\/letempsmag.ma\/index.php?rest_route=\/wp\/v2\/posts\/21591\/revisions"}],"predecessor-version":[{"id":21593,"href":"https:\/\/letempsmag.ma\/index.php?rest_route=\/wp\/v2\/posts\/21591\/revisions\/21593"}],"wp:featuredmedia":[{"embeddable":true,"href":"https:\/\/letempsmag.ma\/index.php?rest_route=\/wp\/v2\/media\/21592"}],"wp:attachment":[{"href":"https:\/\/letempsmag.ma\/index.php?rest_route=%2Fwp%2Fv2%2Fmedia&parent=21591"}],"wp:term":[{"taxonomy":"category","embeddable":true,"href":"https:\/\/letempsmag.ma\/index.php?rest_route=%2Fwp%2Fv2%2Fcategories&post=21591"},{"taxonomy":"post_tag","embeddable":true,"href":"https:\/\/letempsmag.ma\/index.php?rest_route=%2Fwp%2Fv2%2Ftags&post=21591"}],"curies":[{"name":"wp","href":"https:\/\/api.w.org\/{rel}","templated":true}]}}