{"id":21586,"date":"2023-03-20T10:25:47","date_gmt":"2023-03-20T09:25:47","guid":{"rendered":"https:\/\/letempsmag.ma\/?p=21586"},"modified":"2023-03-20T10:25:48","modified_gmt":"2023-03-20T09:25:48","slug":"de-nouveau-le-maroc-a-rendez-vous-avec-lhistoire","status":"publish","type":"post","link":"https:\/\/letempsmag.ma\/?p=21586","title":{"rendered":"<strong>De nouveau, le Maroc a rendez-vous avec l\u2019histoire<\/strong>"},"content":{"rendered":"\n<p class=\"has-text-align-center\"><strong>Par HASSAN EL ARCH<\/strong><\/p>\n\n\n\n<p class=\"has-text-align-center\"><strong>Directeur de la R\u00e9daction<\/strong><\/p>\n\n\n\n<p class=\"has-text-align-center\"><strong>direction@letempsmag.ma<\/strong><\/p>\n\n\n\n<p>Donc, le Maroc est candidat \u00e0 l\u2019organisation de la Coupe du monde de football en 2030. Co-organisation, plus pr\u00e9cis\u00e9ment, puisqu\u2019il s\u2019agit d\u2019un dossier tripartite o\u00f9 postule le Royaume aux c\u00f4t\u00e9s de l\u2019Espagne et du Portugal. S.M. le Roi Mohammed VI en a fait l\u2019annonce, cette semaine, dans un message \u00e0 l\u2019occasion de la remise du Prix de l\u2019Excellence de la Conf\u00e9d\u00e9ration Africaine de Football pour l\u2019ann\u00e9e 2022 (\u00abCAF President\u2019s Outstanding Achievement Award 2022\u00bb). Le Prix a \u00e9t\u00e9 d\u00e9cern\u00e9 au Souverain et au Pr\u00e9sident rwandais, Paul Kagame, mardi dernier \u00e0 Kigali, lors d\u2019une grande c\u00e9r\u00e9monie pr\u00e9sid\u00e9e conjointement par le Pr\u00e9sident de la Conf\u00e9d\u00e9ration Africaine de Football (CAF), Patrice Motsepe, et le Pr\u00e9sident de la F\u00e9d\u00e9ration Internationale de Football (FIFA), Gianni Infantino.<\/p>\n\n\n\n<p>Une demi-surprise, cette annonce, car en r\u00e9alit\u00e9, beaucoup de monde sp\u00e9culait sur la volont\u00e9 du Royaume de revenir \u00e0 la charge concernant l\u2019accueil d\u2019un Mondial en terre marocaine. Deux facteurs expliquent la chose. L\u2019\u00e9chec de la candidature \u00e0 l\u2019organisation du Mondial 2026 face au triple (justement&nbsp;!) dossier des \u00c9tats-Unis, du Canada et du Mexique. Et le fantastique exploit des Lions de l\u2019Atlas au r\u00e9cent Mondial du Qatar. L\u2019un dans l\u2019autre, il y avait de quoi remettre le couvert. Il y avait du ressort. Il y avait de la l\u00e9gitimit\u00e9. C\u2019est chose faite avec la d\u00e9cision Royale, et aussi bien la CAF que la FIFA s\u2019en frottent les mains car la formule des candidatures multiples semble, depuis quelque temps, avoir les faveurs des instances footballistiques internationales. \u00c0 plus forte raison dans ce sch\u00e9ma particulier, in\u00e9dit, mettant en \u0153uvre un Mondial qui pourrait f\u00e9d\u00e9rer, pour la premi\u00e8re fois, diff\u00e9rents espaces g\u00e9ographiques, culturels, \u00e9conomiques et politiques. Le message du Souverain est on ne peut plus clair. Cette candidature commune, sans pr\u00e9c\u00e9dent dans l\u2019histoire du football, sera celle de la jonction entre l\u2019Afrique et l\u2019Europe, entre le nord et le sud de la M\u00e9diterran\u00e9e et entre les mondes africain, arabe et euro-m\u00e9diterran\u00e9en. Tout est dit.&nbsp;<\/p>\n\n\n\n<p>La candidature tripartite \u00e0 l\u2019organisation du Mondial 2030 sera assur\u00e9ment celle du rassemblement autour du meilleur, de part et d\u2019autre du D\u00e9troit de Gibraltar, et \u00abla d\u00e9monstration d\u2019une alliance de g\u00e9nie, de cr\u00e9ativit\u00e9, d\u2019exp\u00e9rience et de moyens\u00bb, comme le souligne le message Royal. Ainsi que l\u2019explique le chercheur en politique du sport, Moncef El Yazghi, dans le dossier que nous consacrons \u00e0 ce sujet (pages 12 \u00e0 17), cela d\u00e9montre que le Royaume \u00abdispose d\u2019une vision claire et d\u2019une volont\u00e9 sans faille\u00bb et qu\u2019\u00abil ne fait qu\u2019honorer son engagement pris officiellement en juin 2018 apr\u00e8s avoir perdu l\u2019organisation du Mondial 2026 face au dossier des \u00c9tats Unis, du Canada et du Mexique. Le Maroc est aujourd\u2019hui une source de fiert\u00e9 pour l\u2019Afrique. L\u2019exploit des Lions de l\u2019Atlas, au dernier Mondial du Qatar, vient prouver que l\u2019impossible n\u2019est pas africain\u00bb. L\u00e0 aussi, tout est dit.<\/p>\n\n\n\n<p>Alors, tous ensemble pour un Maroc qui gagne, qui a le sens des d\u00e9fis et qui r\u00e9pond pr\u00e9sent aux grands rendez-vous de l\u2019histoire&nbsp;!<\/p>\n","protected":false},"excerpt":{"rendered":"<p>Par HASSAN EL ARCH Directeur de la R\u00e9daction direction@letempsmag.ma Donc, le Maroc est candidat \u00e0 l\u2019organisation de la Coupe du monde de football en 2030. Co-organisation, plus pr\u00e9cis\u00e9ment, puisqu\u2019il s\u2019agit d\u2019un dossier tripartite o\u00f9 postule le Royaume aux c\u00f4t\u00e9s de l\u2019Espagne et du Portugal. S.M. le Roi Mohammed VI en a fait l\u2019annonce, cette semaine, &hellip;<\/p>\n","protected":false},"author":9,"featured_media":1948,"comment_status":"open","ping_status":"closed","sticky":false,"template":"","format":"standard","meta":{"footnotes":""},"categories":[44],"tags":[],"class_list":["post-21586","post","type-post","status-publish","format-standard","has-post-thumbnail","hentry","category-edito"],"_links":{"self":[{"href":"https:\/\/letempsmag.ma\/index.php?rest_route=\/wp\/v2\/posts\/21586","targetHints":{"allow":["GET"]}}],"collection":[{"href":"https:\/\/letempsmag.ma\/index.php?rest_route=\/wp\/v2\/posts"}],"about":[{"href":"https:\/\/letempsmag.ma\/index.php?rest_route=\/wp\/v2\/types\/post"}],"author":[{"embeddable":true,"href":"https:\/\/letempsmag.ma\/index.php?rest_route=\/wp\/v2\/users\/9"}],"replies":[{"embeddable":true,"href":"https:\/\/letempsmag.ma\/index.php?rest_route=%2Fwp%2Fv2%2Fcomments&post=21586"}],"version-history":[{"count":1,"href":"https:\/\/letempsmag.ma\/index.php?rest_route=\/wp\/v2\/posts\/21586\/revisions"}],"predecessor-version":[{"id":21587,"href":"https:\/\/letempsmag.ma\/index.php?rest_route=\/wp\/v2\/posts\/21586\/revisions\/21587"}],"wp:featuredmedia":[{"embeddable":true,"href":"https:\/\/letempsmag.ma\/index.php?rest_route=\/wp\/v2\/media\/1948"}],"wp:attachment":[{"href":"https:\/\/letempsmag.ma\/index.php?rest_route=%2Fwp%2Fv2%2Fmedia&parent=21586"}],"wp:term":[{"taxonomy":"category","embeddable":true,"href":"https:\/\/letempsmag.ma\/index.php?rest_route=%2Fwp%2Fv2%2Fcategories&post=21586"},{"taxonomy":"post_tag","embeddable":true,"href":"https:\/\/letempsmag.ma\/index.php?rest_route=%2Fwp%2Fv2%2Ftags&post=21586"}],"curies":[{"name":"wp","href":"https:\/\/api.w.org\/{rel}","templated":true}]}}