{"id":2154,"date":"2021-04-15T10:23:04","date_gmt":"2021-04-15T10:23:04","guid":{"rendered":"https:\/\/letempsmag.ma\/?p=2154"},"modified":"2021-04-15T10:23:06","modified_gmt":"2021-04-15T10:23:06","slug":"naissance-dun-groupe-damitie-parlementaire-maroc-portugal","status":"publish","type":"post","link":"https:\/\/letempsmag.ma\/?p=2154","title":{"rendered":"Naissance d\u2019un groupe d\u2019amiti\u00e9 parlementaire Maroc-Portugal"},"content":{"rendered":"\n<p>Un nouveau groupe d\u2019amiti\u00e9 parlementaire Portugal-Maroc a \u00e9t\u00e9 constitu\u00e9 r\u00e9cemment au Parlement portugais. Ce groupe, dont la liste des membres a \u00e9t\u00e9 d\u00e9voil\u00e9e par l\u2019Assembl\u00e9e nationale, est constitu\u00e9 essentiellement de d\u00e9put\u00e9s des deux principaux partis politiques de ce pays, le Parti Socialiste et le Parti Social-D\u00e9mocrate, en plus d\u2019une repr\u00e9sentante du CDS-PP (parti du Centre d\u00e9mocratique et social). Ce groupe, qui a d\u00e9j\u00e0 tenu sa premi\u00e8re r\u00e9union, est anim\u00e9 de la ferme volont\u00e9 de travailler pour le renforcement des relations entre le Maroc et le Portugal, de favoriser la connaissance du Royaume, notamment en mati\u00e8re \u00e9conomique, commerciale et culturelle et d\u2019am\u00e9liorer la perception des portugais sur la probl\u00e9matique migratoire qui a occup\u00e9 la sc\u00e8ne m\u00e9diatique en 2020.<\/p>\n\n\n\n<p>Il convient de souligner que deux membres de ce groupe figuraient parmi les signataires de la lettre adress\u00e9e au Premier ministre portugais Antonio Costa par un groupe de personnalit\u00e9s portugaises appelant leur pays \u00e0 soutenir la position du Royaume en ce qui concerne la question du Sahara marocain. Il s\u2019agit du Pr\u00e9sident du groupe d\u2019amiti\u00e9, Luis Leite Ramos, Pr\u00e9sident de la commission des questions sociales, de la sant\u00e9 et du d\u00e9veloppement durable \u00e0 l\u2019Assembl\u00e9 nationale, et du d\u00e9put\u00e9 et ancien Vice-Pr\u00e9sident du Parlement, Jorge Lacao, ancien Pr\u00e9sident du groupe socialiste au Parlement. Outre M. Ramos et M. Lacao, le nouveau groupe d\u2019amiti\u00e9 parlementaire Portugal-Maroc est compos\u00e9 notamment de la Vice-Pr\u00e9sidente du groupe, Maria Da Luz Rosinha (parti Socialiste), Pr\u00e9sidente du Conseil fondateur de la Fondation CEBI, Alexandra Tavares de Moura, Directrice des services \u00e0 l\u2019\u00e9cole d\u2019infirmi\u00e8res de Lisbonne, et Lucia Silva, ancienne Pr\u00e9sidente du conseil du PS pendant deux mandats. Le groupe comprend \u00e9galement Antonio Cunha (parti Social-D\u00e9mocrate), membre suppl\u00e9ant \u00e0 la commission des Affaires europ\u00e9ennes, la commission de l\u2019\u00e9ducation, de la jeunesse et des sports, Paulo Rios de Oliveira (parti Social-D\u00e9mocrate), membre suppl\u00e9ant de la commission des affaires \u00e9trang\u00e8res et des communaut\u00e9s portugaises, et Ana Rita Bess, d\u00e9put\u00e9e \u00e0 l\u2019Assembl\u00e9e portugaise depuis 2015.<\/p>\n\n\n\n<p><strong>A. A.<\/strong><\/p>\n","protected":false},"excerpt":{"rendered":"<p>Un nouveau groupe d\u2019amiti\u00e9 parlementaire Portugal-Maroc a \u00e9t\u00e9 constitu\u00e9 r\u00e9cemment au Parlement portugais. Ce groupe, dont la liste des membres a \u00e9t\u00e9 d\u00e9voil\u00e9e par l\u2019Assembl\u00e9e nationale, est constitu\u00e9 essentiellement de d\u00e9put\u00e9s des deux principaux partis politiques de ce pays, le Parti Socialiste et le Parti Social-D\u00e9mocrate, en plus d\u2019une repr\u00e9sentante du CDS-PP (parti du Centre &hellip;<\/p>\n","protected":false},"author":9,"featured_media":2155,"comment_status":"open","ping_status":"closed","sticky":false,"template":"","format":"standard","meta":{"footnotes":""},"categories":[68],"tags":[],"class_list":["post-2154","post","type-post","status-publish","format-standard","has-post-thumbnail","hentry","category-politique"],"_links":{"self":[{"href":"https:\/\/letempsmag.ma\/index.php?rest_route=\/wp\/v2\/posts\/2154","targetHints":{"allow":["GET"]}}],"collection":[{"href":"https:\/\/letempsmag.ma\/index.php?rest_route=\/wp\/v2\/posts"}],"about":[{"href":"https:\/\/letempsmag.ma\/index.php?rest_route=\/wp\/v2\/types\/post"}],"author":[{"embeddable":true,"href":"https:\/\/letempsmag.ma\/index.php?rest_route=\/wp\/v2\/users\/9"}],"replies":[{"embeddable":true,"href":"https:\/\/letempsmag.ma\/index.php?rest_route=%2Fwp%2Fv2%2Fcomments&post=2154"}],"version-history":[{"count":1,"href":"https:\/\/letempsmag.ma\/index.php?rest_route=\/wp\/v2\/posts\/2154\/revisions"}],"predecessor-version":[{"id":2156,"href":"https:\/\/letempsmag.ma\/index.php?rest_route=\/wp\/v2\/posts\/2154\/revisions\/2156"}],"wp:featuredmedia":[{"embeddable":true,"href":"https:\/\/letempsmag.ma\/index.php?rest_route=\/wp\/v2\/media\/2155"}],"wp:attachment":[{"href":"https:\/\/letempsmag.ma\/index.php?rest_route=%2Fwp%2Fv2%2Fmedia&parent=2154"}],"wp:term":[{"taxonomy":"category","embeddable":true,"href":"https:\/\/letempsmag.ma\/index.php?rest_route=%2Fwp%2Fv2%2Fcategories&post=2154"},{"taxonomy":"post_tag","embeddable":true,"href":"https:\/\/letempsmag.ma\/index.php?rest_route=%2Fwp%2Fv2%2Ftags&post=2154"}],"curies":[{"name":"wp","href":"https:\/\/api.w.org\/{rel}","templated":true}]}}