{"id":21514,"date":"2023-03-14T09:05:30","date_gmt":"2023-03-14T08:05:30","guid":{"rendered":"https:\/\/letempsmag.ma\/?p=21514"},"modified":"2023-03-14T09:05:31","modified_gmt":"2023-03-14T08:05:31","slug":"premier-forum-regional-sur-le-plan-daction-communal","status":"publish","type":"post","link":"https:\/\/letempsmag.ma\/?p=21514","title":{"rendered":"<strong>Premier Forum R\u00e9gional sur le Plan d\u2019Action Communal<\/strong>"},"content":{"rendered":"\n<p>La ville ocre a abrit\u00e9 les 10, 11 et 12 mars 2023 le Premier Forum R\u00e9gional sur le Plan d\u2019Action Communal et les M\u00e9canismes de la D\u00e9mocratie Participative afin de dresser un bilan des r\u00e9alisations, des le\u00e7ons apprises et des \u00e9tapes futures. Cette manifestation intervient apr\u00e8s plus d\u2019un an de coordination et d\u2019accompagnement de 40 communes. Elle est organis\u00e9e par le Projet de D\u00e9veloppement Socio-\u00e9conomique Inclusif \u00e0 B\u00e9ni Mellal-Kh\u00e9nifra (ISED-BMK), financ\u00e9 par l\u2019Agence Am\u00e9ricaine pour le D\u00e9veloppement International (USAID).<\/p>\n\n\n\n<p>Ce forum a connu la participation de la Direction G\u00e9n\u00e9rale des Collectivit\u00e9s Territoriales (DGCT), les pr\u00e9sidents des 40 communes cibles, les repr\u00e9sentants des Divisions des Collectivit\u00e9s Locales (DCL-BMK), et la Wilaya de B\u00e9ni Mellal-Kh\u00e9nifra.<\/p>\n\n\n\n<p>Ce premier forum s\u2019inscrit dans le cadre des engagements de la r\u00e9gion de B\u00e9ni Mellal-Kh\u00e9nifra \u00e0 promouvoir la bonne gouvernance au niveau local et \u00e0 enraciner les pratiques participatives telles que pr\u00e9vues par la Constitution et les lois organiques relatives aux collectivit\u00e9s territoriales.<\/p>\n\n\n\n<p>Depuis Janvier 2022, le projet ISED-BMK a mobilis\u00e9 un panel d&#8217;experts locaux et internationaux pour soutenir les 40 communes dans le d\u00e9veloppement de \u00ab Plans d&#8217;Action Communaux ouverts et inclusifs &#8211; PAC \u00bb r\u00e9pondant aux priorit\u00e9s territoriales et impliquant les acteurs de la soci\u00e9t\u00e9 civile et la population locale, en tenant compte de l&#8217;approche genre comme principe fondamental int\u00e9gr\u00e9 dans toutes les \u00e9tapes du d\u00e9veloppement des PAC.<\/p>\n\n\n\n<p>Ce processus d\u2019accompagnement a fortement impliqu\u00e9 les femmes, les jeunes et les personnes en situation de handicap, surtout durant la phase de consultation. Il est \u00e0 noter \u00e9galement que plus de 9000 questionnaires ont \u00e9t\u00e9 administr\u00e9s aupr\u00e8s des citoyens sur le niveau de satisfaction de la qualit\u00e9 des services fournis par les 40 communes.<\/p>\n\n\n\n<p>Cet \u00e9v\u00e9nement cherche \u00e0 pr\u00e9senter les programmes de la Direction G\u00e9n\u00e9rale des Collectivit\u00e9s Territoriales destin\u00e9s \u00e0 soutenir les collectivit\u00e9s, ainsi qu&#8217;\u00e0 tracer la voie pour la pr\u00e9paration des Plans d\u2019Action Communaux et \u00e0 \u00e9tudier les meilleures mani\u00e8res de fournir les ressources n\u00e9cessaires \u00e0 leur mise en \u0153uvre, leur suivi, leur \u00e9valuation et leur actualisation, ainsi qu&#8217;\u00e0 renforcer les capacit\u00e9s des collectivit\u00e9s cibl\u00e9es en mati\u00e8re de promotion et de mise en \u0153uvre des m\u00e9canismes de la d\u00e9mocratie participative. Cet atelier a \u00e9galement trait\u00e9 des th\u00e9matiques \u00e9troitement li\u00e9es \u00e0 la performance communale, la coop\u00e9ration intercommunale et le droit d&#8217;acc\u00e8s \u00e0 l&#8217;information.<\/p>\n\n\n\n<p>\u00c0 l\u2019issue de l\u2019atelier, les participants ont \u00e9labor\u00e9 10 recommandations pratiques et r\u00e9alisables :<\/p>\n\n\n\n<p>1. Activer le Comit\u00e9 R\u00e9gional de l\u2019Environnement des Affaires (CREA) notamment en mati\u00e8re de mobilisation du foncier ainsi que le renforcement du r\u00f4le du Centre R\u00e9gional de l\u2019Investissement dans l\u2019appui et l\u2019accompagnement des communes&nbsp;;<\/p>\n\n\n\n<p>2. Promouvoir les programmes d\u2019appui aux communes initi\u00e9s par la Direction G\u00e9n\u00e9rale des Collectivit\u00e9s Territoriales (DGCT) : L\u2019organisation d\u2019un cycle de renforcement des capacit\u00e9s des pr\u00e9sidents sur la mobilisation des ressources&nbsp;;<\/p>\n\n\n\n<p>3. Cr\u00e9er un p\u00f4le d\u2019experts form\u00e9 par les cadres des Directions des Collectivit\u00e9s Locales (DCL) et du Secr\u00e9tariat G\u00e9n\u00e9ral des Affaires R\u00e9gionales (SGAR) pour le suivi et l\u2019accompagnement des communes&nbsp;;<\/p>\n\n\n\n<p>4. Promouvoir les projets intercommunaux structurants et propices \u00e0 g\u00e9n\u00e9rer une dynamique \u00e9conomique, \u00e0 cr\u00e9er une valeur ajout\u00e9e \u00e9conomique et \u00e0 g\u00e9n\u00e9rer des emplois ainsi que des recettes pour les communes&nbsp;;<\/p>\n\n\n\n<p>5. \u00c9pauler les communes dans le suivi des conventions conclues dans le cadre du Plan d\u2019Action Communal (PAC) et encourager les convergences avec les Plans de D\u00e9veloppement Provinciaux (PDP) et le Programme de D\u00e9veloppement R\u00e9gional (PDR)&nbsp;;<\/p>\n\n\n\n<p>6. Soutenir les communes dans la pr\u00e9paration de leurs candidatures aux financements dans le cadre de la coop\u00e9ration d\u00e9centralis\u00e9e&nbsp;;<\/p>\n\n\n\n<p>7. Cr\u00e9er de sites \u00e9lectroniques des communes en collaboration avec la Direction G\u00e9n\u00e9rale des Collectivit\u00e9s Territoriales&nbsp;;<\/p>\n\n\n\n<p>8. Soutenir l\u2019\u00e9conomie sociale et solidaire \u00e0 travers l\u2019accompagnement des coop\u00e9ratives dans les communes cibles pour un meilleur acc\u00e8s aux march\u00e9s&nbsp;;<\/p>\n\n\n\n<p>9. Assister les communes dans la mise en place d\u2019outils de gestion informatis\u00e9s afin de renforcer la digitalisation de l\u2019administration communale et des proc\u00e9dures administratives et d\u00e9velopper un syst\u00e8me de suivi de la mise en \u0153uvre du PAC et de son \u00e9valuation&nbsp;;<\/p>\n\n\n\n<p>10. \u0152uvrer en faveur d\u2019un meilleur engagement des communes dans l\u2019activation du Droit d\u2019Acc\u00e8s \u00e0 l\u2019Information et la publication proactive des donn\u00e9es.<\/p>\n","protected":false},"excerpt":{"rendered":"<p>La ville ocre a abrit\u00e9 les 10, 11 et 12 mars 2023 le Premier Forum R\u00e9gional sur le Plan d\u2019Action Communal et les M\u00e9canismes de la D\u00e9mocratie Participative afin de dresser un bilan des r\u00e9alisations, des le\u00e7ons apprises et des \u00e9tapes futures. Cette manifestation intervient apr\u00e8s plus d\u2019un an de coordination et d\u2019accompagnement de 40 &hellip;<\/p>\n","protected":false},"author":9,"featured_media":21515,"comment_status":"open","ping_status":"closed","sticky":false,"template":"","format":"standard","meta":{"footnotes":""},"categories":[1012],"tags":[],"class_list":["post-21514","post","type-post","status-publish","format-standard","has-post-thumbnail","hentry","category-democratie-participative"],"_links":{"self":[{"href":"https:\/\/letempsmag.ma\/index.php?rest_route=\/wp\/v2\/posts\/21514","targetHints":{"allow":["GET"]}}],"collection":[{"href":"https:\/\/letempsmag.ma\/index.php?rest_route=\/wp\/v2\/posts"}],"about":[{"href":"https:\/\/letempsmag.ma\/index.php?rest_route=\/wp\/v2\/types\/post"}],"author":[{"embeddable":true,"href":"https:\/\/letempsmag.ma\/index.php?rest_route=\/wp\/v2\/users\/9"}],"replies":[{"embeddable":true,"href":"https:\/\/letempsmag.ma\/index.php?rest_route=%2Fwp%2Fv2%2Fcomments&post=21514"}],"version-history":[{"count":1,"href":"https:\/\/letempsmag.ma\/index.php?rest_route=\/wp\/v2\/posts\/21514\/revisions"}],"predecessor-version":[{"id":21516,"href":"https:\/\/letempsmag.ma\/index.php?rest_route=\/wp\/v2\/posts\/21514\/revisions\/21516"}],"wp:featuredmedia":[{"embeddable":true,"href":"https:\/\/letempsmag.ma\/index.php?rest_route=\/wp\/v2\/media\/21515"}],"wp:attachment":[{"href":"https:\/\/letempsmag.ma\/index.php?rest_route=%2Fwp%2Fv2%2Fmedia&parent=21514"}],"wp:term":[{"taxonomy":"category","embeddable":true,"href":"https:\/\/letempsmag.ma\/index.php?rest_route=%2Fwp%2Fv2%2Fcategories&post=21514"},{"taxonomy":"post_tag","embeddable":true,"href":"https:\/\/letempsmag.ma\/index.php?rest_route=%2Fwp%2Fv2%2Ftags&post=21514"}],"curies":[{"name":"wp","href":"https:\/\/api.w.org\/{rel}","templated":true}]}}