{"id":21511,"date":"2023-03-14T09:03:54","date_gmt":"2023-03-14T08:03:54","guid":{"rendered":"https:\/\/letempsmag.ma\/?p=21511"},"modified":"2023-03-14T09:03:55","modified_gmt":"2023-03-14T08:03:55","slug":"les-principaux-points-du-nouveau-decret-italien","status":"publish","type":"post","link":"https:\/\/letempsmag.ma\/?p=21511","title":{"rendered":"<strong>Les principaux points du nouveau d\u00e9cret italien<\/strong>"},"content":{"rendered":"\n<p>Voici les principaux points du nouveau d\u00e9cret-loi italien sur l\u2019immigration, adopt\u00e9 r\u00e9cemment en Conseil des ministres:<\/p>\n\n\n\n<p>-Acc\u00e8s direct pour les profils form\u00e9s : Admissions hors quota pour les \u00e9trangers qui ont r\u00e9ussi, dans leur pays d\u2019origine, les cours de formation reconnus par l\u2019Italie, qui seront promus par le minist\u00e8re du Travail&nbsp;;<\/p>\n\n\n\n<p>-Des quotas pr\u00e9f\u00e9rentiels : Ils sont pr\u00e9vus pour les pays qui m\u00e8nent des campagnes m\u00e9diatiques contre la traite des \u00eatres humains&nbsp;;<\/p>\n\n\n\n<p>-Simplification des proc\u00e9dures : L\u2019article 2 du d\u00e9cret est intitul\u00e9&nbsp; \u00ab&nbsp;mesures de simplification et d\u2019acc\u00e9l\u00e9ration des proc\u00e9dures de d\u00e9livrance du titre de travail&nbsp;\u00bb. En pratique, le changement le plus important concerne le d\u00e9lai : en effet, le projet pr\u00e9voit que si la pr\u00e9fecture de police n\u2019acquiert pas les informations n\u00e9cessaires, \u00e0 l\u2019expiration du d\u00e9lai, une autorisation peut cependant \u00eatre d\u00e9livr\u00e9e au travailleur qui a introduit une demande d\u2019admission. Une autre disposition est alors ins\u00e9r\u00e9e : \u00ab&nbsp;Dans l\u2019attente de la signature du contrat de s\u00e9jour, l\u2019autorisation permet l\u2019exercice de l\u2019activit\u00e9 de travail sur le territoire national&nbsp;\u00bb&nbsp;;<\/p>\n\n\n\n<p>-\u00c9largissement de la dur\u00e9e du renouvellement du titre de s\u00e9jour : Les renouvellements du titre de s\u00e9jour d\u00e9livr\u00e9 pour un travail permanent, pour une activit\u00e9 ind\u00e9pendante ou pour le regroupement familial auront une dur\u00e9e maximale de trois ans, au lieu de deux ans en vigueur actuellement&nbsp;;<\/p>\n\n\n\n<p>-Alourdissement des peines pour les d\u00e9lits li\u00e9s \u00e0 l\u2019immigration clandestine : Le nouveau crime de \u00ab mort ou blessure \u00e0 la suite d\u2019infractions li\u00e9es \u00e0 l\u2019immigration clandestine \u00bb pr\u00e9voit des peines, de 10 \u00e0 20 ans pour les atteintes graves ou tr\u00e8s graves \u00e0 une ou plusieurs personnes, de 15 \u00e0 24 ans pour le d\u00e9c\u00e8s d\u2019une personne et de 20 \u00e0 30 ans pour la mort de plus de personnes&nbsp;;<\/p>\n\n\n\n<p>-Centres pour migrants : Des mesures seront introduites pour l\u2019optimisation de la gestion des centres gouvernementaux d\u2019accueil ou de d\u00e9tention des \u00e9trangers.<\/p>\n\n\n\n<p><strong>Avec MAP<\/strong><\/p>\n","protected":false},"excerpt":{"rendered":"<p>Voici les principaux points du nouveau d\u00e9cret-loi italien sur l\u2019immigration, adopt\u00e9 r\u00e9cemment en Conseil des ministres: -Acc\u00e8s direct pour les profils form\u00e9s : Admissions hors quota pour les \u00e9trangers qui ont r\u00e9ussi, dans leur pays d\u2019origine, les cours de formation reconnus par l\u2019Italie, qui seront promus par le minist\u00e8re du Travail&nbsp;; -Des quotas pr\u00e9f\u00e9rentiels : &hellip;<\/p>\n","protected":false},"author":9,"featured_media":21512,"comment_status":"open","ping_status":"closed","sticky":false,"template":"","format":"standard","meta":{"footnotes":""},"categories":[259],"tags":[],"class_list":["post-21511","post","type-post","status-publish","format-standard","has-post-thumbnail","hentry","category-immigration"],"_links":{"self":[{"href":"https:\/\/letempsmag.ma\/index.php?rest_route=\/wp\/v2\/posts\/21511","targetHints":{"allow":["GET"]}}],"collection":[{"href":"https:\/\/letempsmag.ma\/index.php?rest_route=\/wp\/v2\/posts"}],"about":[{"href":"https:\/\/letempsmag.ma\/index.php?rest_route=\/wp\/v2\/types\/post"}],"author":[{"embeddable":true,"href":"https:\/\/letempsmag.ma\/index.php?rest_route=\/wp\/v2\/users\/9"}],"replies":[{"embeddable":true,"href":"https:\/\/letempsmag.ma\/index.php?rest_route=%2Fwp%2Fv2%2Fcomments&post=21511"}],"version-history":[{"count":1,"href":"https:\/\/letempsmag.ma\/index.php?rest_route=\/wp\/v2\/posts\/21511\/revisions"}],"predecessor-version":[{"id":21513,"href":"https:\/\/letempsmag.ma\/index.php?rest_route=\/wp\/v2\/posts\/21511\/revisions\/21513"}],"wp:featuredmedia":[{"embeddable":true,"href":"https:\/\/letempsmag.ma\/index.php?rest_route=\/wp\/v2\/media\/21512"}],"wp:attachment":[{"href":"https:\/\/letempsmag.ma\/index.php?rest_route=%2Fwp%2Fv2%2Fmedia&parent=21511"}],"wp:term":[{"taxonomy":"category","embeddable":true,"href":"https:\/\/letempsmag.ma\/index.php?rest_route=%2Fwp%2Fv2%2Fcategories&post=21511"},{"taxonomy":"post_tag","embeddable":true,"href":"https:\/\/letempsmag.ma\/index.php?rest_route=%2Fwp%2Fv2%2Ftags&post=21511"}],"curies":[{"name":"wp","href":"https:\/\/api.w.org\/{rel}","templated":true}]}}