{"id":21508,"date":"2023-03-14T09:02:32","date_gmt":"2023-03-14T08:02:32","guid":{"rendered":"https:\/\/letempsmag.ma\/?p=21508"},"modified":"2023-03-14T09:02:33","modified_gmt":"2023-03-14T08:02:33","slug":"ouverture-a-rabat-des-journees-du-cinema-panafricain","status":"publish","type":"post","link":"https:\/\/letempsmag.ma\/?p=21508","title":{"rendered":"<strong>Ouverture \u00e0 Rabat des journ\u00e9es du Cin\u00e9ma Panafricain<\/strong>"},"content":{"rendered":"\n<p>La premi\u00e8re \u00e9dition de ROOTS Rabat -Les Journ\u00e9es du Cin\u00e9ma Panafricain-, organis\u00e9e \u00e0 l\u2019initiative de la Fondation Hiba, avec le soutien du minist\u00e8re de la Jeunesse, de la Culture et de la Communication, s\u2019est ouverte dimanche soir \u00e0 Rabat.<\/p>\n\n\n\n<p>Organis\u00e9e dans le cadre de la c\u00e9l\u00e9bration de Rabat Capitale Africaine de la Culture en 2022, cette manifestation, dont le coup d\u2019envoi a \u00e9t\u00e9 donn\u00e9 par le ministre de la Jeunesse, de la culture et de la communication, Mohamed Mehdi Bensaid, en pr\u00e9sence de personnalit\u00e9s des mondes de l\u2019art et du cin\u00e9ma du Maroc et de l\u2019Afrique, se propose de promouvoir le savoir-faire du continent dans le but de favoriser la cr\u00e9ation de synergies et la coop\u00e9ration sud-sud qui participent \u00e0 la p\u00e9rennisation de l\u2019industrie cin\u00e9matographique \u00e0 l\u2019\u00e9chelle continentale.<\/p>\n\n\n\n<p>L\u2019\u00e9v\u00e9nement se veut \u00e9galement une occasion pour c\u00e9l\u00e9brer toutes les manifestations cin\u00e9matographiques du continent africain avec une volont\u00e9 de construire des partenariats forts et strat\u00e9giques, tout en \u00e9rigeant cet \u00e9v\u00e9nement en une nouvelle plateforme \u00e0 la disposition des professionnels africains de l\u2019industrie du cin\u00e9ma.<\/p>\n\n\n\n<p>Dans une allocution prononc\u00e9e \u00e0 cette occasion, M. Bensaid a indiqu\u00e9 que ce rendez-vous cin\u00e9matographique africain, qui se poursuivra jusqu\u2019au 16 mars, est l\u2019occasion de s\u2019informer de pr\u00e8s du cin\u00e9ma et de la culture africains, et d\u2019\u00e9changer les vues, les exp\u00e9riences et les id\u00e9es entre cin\u00e9astes et professionnels du secteur du Maroc et des autres pays africains.<\/p>\n\n\n\n<p>M.Bensaid a soulign\u00e9, par ailleurs, que ROOTS Rabat constitue \u00e9galement une opportunit\u00e9 pour les \u00e9tudiants et les cin\u00e9philes de b\u00e9n\u00e9ficier d\u2019une formation dans l\u2019industrie cin\u00e9matographique, \u00e0 travers une s\u00e9rie d\u2019ateliers de formation aux m\u00e9tiers du 7e art et de la photographie.<\/p>\n\n\n\n<p>Pour sa part, le directeur g\u00e9n\u00e9ral de la Fondation Hiba, Marwane Fachane, a indiqu\u00e9 que les Journ\u00e9es du Cin\u00e9ma Africain constituent un rendez-vous de r\u00e9flexion sur l\u2019\u00e9tat des lieux du cin\u00e9ma africain, ainsi que sur les moyens de promouvoir et de faire conna\u00eetre le 7<sup>\u00e8me<\/sup> art africain \u00e0 travers la coop\u00e9ration et la coordination entre les diff\u00e9rents acteurs cin\u00e9matographiques des diff\u00e9rents pays africains, dans le cadre de partenariats de coop\u00e9ration Sud-Sud. Il s\u2019agit, a-t-il poursuivi, \u00ab&nbsp;d\u2019un \u00e9v\u00e9nement culturel qui fera de Rabat, en tant que capitale de la culture africaine, un point de rencontre pour les professionnels du secteur cin\u00e9matographique de diff\u00e9rents pays du continent&nbsp;\u00bb.<\/p>\n\n\n\n<p>Dans le cadre de cet \u00e9v\u00e9nement, des \u0153uvres cin\u00e9matographiques africaines seront pr\u00e9sent\u00e9es pour la premi\u00e8re fois au Maroc, a-t-il fait observer, notant que cette manifestation offrira ainsi l\u2019occasion au public marocain de connaitre des cin\u00e9astes de diff\u00e9rents pays du continent, et de s\u2019informer sur les nouveaut\u00e9s de l\u2019industrie cin\u00e9matographique africaine.<\/p>\n\n\n\n<p>Lors de la c\u00e9r\u00e9monie d\u2019ouverture, le public a \u00e9t\u00e9 gratifi\u00e9 par une prestation musicale du Ma\u00e2lem Majid Bekkas, qui a interpr\u00e9t\u00e9 avec brio un floril\u00e8ge du riche r\u00e9pertoire de la musique gnaouie, m\u00eal\u00e9e \u00e0 des chants africains inspir\u00e9s de l\u2019ancien folklore africain avec ses rythmes vari\u00e9s, sous les sons de guembri et de crotales, le tout dans une ambiance festive et haute en sonorit\u00e9s.<\/p>\n\n\n\n<p>La s\u00e9ance d\u2019ouverture de cette manifestation culturelle a \u00e9t\u00e9 marqu\u00e9e \u00e9galement par la projection du court m\u00e9trage marocain \u00ab&nbsp;Tikita Soulima\u00bb d\u2019Ayoub Yousfi, et du long m\u00e9trage s\u00e9n\u00e9galais \u00ab&nbsp;Touki Bouki&nbsp;\u00bb r\u00e9alis\u00e9 par Djibril Diop Mamb\u00e9ty.<\/p>\n\n\n\n<p>La 1\u00e8re \u00e9dition de ROOTS Rabat s\u2019articulera autour d\u2019un programme scientifique compos\u00e9 de tables rondes th\u00e9matiques, masterclasses techniques et ateliers de travail, outre un programme artistique qui comprend une s\u00e9rie de projections de long-m\u00e9trages et de court-m\u00e9trages africains ouvertes au public.<\/p>\n\n\n\n<p>Cr\u00e9\u00e9e en 2006 \u00e0 l\u2019initiative de Sa Majest\u00e9 le Roi Mohammed VI, la Fondation Hiba est une association \u00e0 but non lucratif qui \u0153uvre pour soutenir la cr\u00e9ation, f\u00e9d\u00e9rer les initiatives priv\u00e9es, encourager les talents, participer au d\u00e9veloppement des arts \u00e9mergents et privil\u00e9gier les cr\u00e9ations contemporaines.<\/p>\n\n\n\n<p><strong>Avec MAP<\/strong><\/p>\n","protected":false},"excerpt":{"rendered":"<p>La premi\u00e8re \u00e9dition de ROOTS Rabat -Les Journ\u00e9es du Cin\u00e9ma Panafricain-, organis\u00e9e \u00e0 l\u2019initiative de la Fondation Hiba, avec le soutien du minist\u00e8re de la Jeunesse, de la Culture et de la Communication, s\u2019est ouverte dimanche soir \u00e0 Rabat. Organis\u00e9e dans le cadre de la c\u00e9l\u00e9bration de Rabat Capitale Africaine de la Culture en 2022, &hellip;<\/p>\n","protected":false},"author":9,"featured_media":21509,"comment_status":"open","ping_status":"closed","sticky":false,"template":"","format":"standard","meta":{"footnotes":""},"categories":[1011],"tags":[],"class_list":["post-21508","post","type-post","status-publish","format-standard","has-post-thumbnail","hentry","category-rabat"],"_links":{"self":[{"href":"https:\/\/letempsmag.ma\/index.php?rest_route=\/wp\/v2\/posts\/21508","targetHints":{"allow":["GET"]}}],"collection":[{"href":"https:\/\/letempsmag.ma\/index.php?rest_route=\/wp\/v2\/posts"}],"about":[{"href":"https:\/\/letempsmag.ma\/index.php?rest_route=\/wp\/v2\/types\/post"}],"author":[{"embeddable":true,"href":"https:\/\/letempsmag.ma\/index.php?rest_route=\/wp\/v2\/users\/9"}],"replies":[{"embeddable":true,"href":"https:\/\/letempsmag.ma\/index.php?rest_route=%2Fwp%2Fv2%2Fcomments&post=21508"}],"version-history":[{"count":1,"href":"https:\/\/letempsmag.ma\/index.php?rest_route=\/wp\/v2\/posts\/21508\/revisions"}],"predecessor-version":[{"id":21510,"href":"https:\/\/letempsmag.ma\/index.php?rest_route=\/wp\/v2\/posts\/21508\/revisions\/21510"}],"wp:featuredmedia":[{"embeddable":true,"href":"https:\/\/letempsmag.ma\/index.php?rest_route=\/wp\/v2\/media\/21509"}],"wp:attachment":[{"href":"https:\/\/letempsmag.ma\/index.php?rest_route=%2Fwp%2Fv2%2Fmedia&parent=21508"}],"wp:term":[{"taxonomy":"category","embeddable":true,"href":"https:\/\/letempsmag.ma\/index.php?rest_route=%2Fwp%2Fv2%2Fcategories&post=21508"},{"taxonomy":"post_tag","embeddable":true,"href":"https:\/\/letempsmag.ma\/index.php?rest_route=%2Fwp%2Fv2%2Ftags&post=21508"}],"curies":[{"name":"wp","href":"https:\/\/api.w.org\/{rel}","templated":true}]}}