{"id":21287,"date":"2023-03-08T08:55:00","date_gmt":"2023-03-08T07:55:00","guid":{"rendered":"https:\/\/letempsmag.ma\/?p=21287"},"modified":"2023-03-07T22:06:48","modified_gmt":"2023-03-07T21:06:48","slug":"meryem-belkihel-une-jeune-globetrotteuse-qui-mene-une-nouvelle-aventure-vers-le-sommet-de-lafrique","status":"publish","type":"post","link":"https:\/\/letempsmag.ma\/?p=21287","title":{"rendered":"<strong>Meryem Belkihel, une jeune globetrotteuse qui m\u00e8ne une nouvelle aventure vers le sommet de l\u2019Afrique<\/strong>"},"content":{"rendered":"\n<p>Aventuri\u00e8re dans l\u2019\u00e2me et assoiff\u00e9e de d\u00e9couvertes, la jeune globetrotteuse, Meryem Belkihel, est en train de vivre une nouvelle aventure in\u00e9dite \u00e0 v\u00e9lo du Maroc \u00e0 la Tanzanie en passant par plusieurs pays africains. Actuellement au S\u00e9n\u00e9gal, apr\u00e8s avoir parcouru plus de 3.000 km, la jeune marocaine de 27 ans, arm\u00e9e d\u2019une volont\u00e9 in\u00e9branlable, est d\u00e9termin\u00e9e \u00e0 r\u00e9ussir son pari et atteindre \u00e0 v\u00e9lo le mont Kilimandjaro en Tanzanie.<\/p>\n\n\n\n<p>\u00ab&nbsp;Ce p\u00e9riple, lanc\u00e9 le 08 janvier dernier, est pour moi un v\u00e9ritable d\u00e9fi personnel, mais c\u2019est \u00e9galement une occasion de montrer au monde que la femme marocaine est capable d\u2019accomplir des exploits et de sortir de sa zone de confort&nbsp;\u00bb, a confi\u00e9 \u00e0 la MAP Mme Belkihel. \u00ab&nbsp;Au-del\u00e0 de l\u2019aventure elle-m\u00eame, j\u2019esp\u00e8re que mon tour d\u2019Afrique encouragera les gens \u00e0 repenser leur mode de vie et leur impact sur l\u2019environnement&nbsp;\u00bb, a-t-elle soulign\u00e9, ajoutant que \u00ab&nbsp;chacun peut faire une diff\u00e9rence en adoptant des modes de transport \u00e9cologiques et en voyageant de mani\u00e8re responsable&nbsp;\u00bb.<\/p>\n\n\n\n<p>\u00ab&nbsp;J\u2019esp\u00e8re \u00e9galement inspirer d\u2019autres personnes \u00e0 poursuivre leurs propres r\u00eaves et \u00e0 explorer leur propre pays et le monde qui les entoure&nbsp;\u00bb, a dit la jeune marocaine, qui a d\u00e9cid\u00e9 de quitter son travail au sein d\u2019une multinationale d\u2019informatique pour se lancer dans cette aventure \u00e0 v\u00e9lo. \u00ab&nbsp;Au cours de cette \u00e9tape, du Maroc au&nbsp; S\u00e9n\u00e9gal, j\u2019ai d\u00fb faire face \u00e0 de nombreux d\u00e9fis, tels que les conditions m\u00e9t\u00e9orologiques difficiles et les longues distances \u00e0 parcourir chaque jour. Mais j\u2019ai continu\u00e9 \u00e0 p\u00e9daler avec d\u00e9termination, inspir\u00e9e par la beaut\u00e9 de l\u2019Afrique et l\u2019incroyable accueil des habitants locaux&nbsp;\u00bb, a not\u00e9 cette originaire de Casablanca.<\/p>\n\n\n\n<p>Rien ne l\u2019arr\u00eate. Ni la chaleur, ni le froid, ni la solitude, ni m\u00eame les risques de la route!, la jeune aventuri\u00e8re a visit\u00e9 beaucoup de r\u00e9gions au Maroc, dans des randonn\u00e9es, sillonnant tant\u00f4t les \u00e9tendues escarp\u00e9es du sud-est marocain (Tinghir, Imilchil, Kelaat M\u2019Goun, Boumalne Dad\u00e8s, Skoura, Toudra), tant\u00f4t escaladant les montagnes majestueuses du Haut-Atlas et ses cimes enneig\u00e9es. \u00ab&nbsp;Avant de me lancer dans cette grande aventure, j\u2019ai pass\u00e9 plus de six ans \u00e0 explorer mon pays. J\u2019ai gravi les plus hauts montagnes de l\u2019Atlas, travers\u00e9 le d\u00e9sert avec un nomade, fait la travers\u00e9e du Haut Atlas \u00e0 pied et parcouru les r\u00e9gions les plus recul\u00e9es \u00e0 v\u00e9lo, d\u00e9couvrant ainsi chaque r\u00e9gion et sa culture unique&nbsp;\u00bb, a-t-elle pr\u00e9cis\u00e9.<\/p>\n\n\n\n<p>Les aventures pour elle sont synonymes de d\u00e9couverte et d\u2019exp\u00e9riences. C\u2019est un style de vie qui permet aussi de casser la routine malgr\u00e9 les obstacles face auxquels l\u2019aventurier pourrait se retrouver durant ses voyages, avoue-t-elle. \u00ab&nbsp;Ma famille me soutient, c\u2019est une source de motivation. Elle sait bien que je suis tr\u00e8s passionn\u00e9e par ce sport\u201d, a-t-elle encha\u00een\u00e9. \u201cJe suis d\u2019une famille qui respire le sport, depuis mon enfance, je fais du sport et quand j\u2019ai grandi j\u2019ai choisi ce type de sport&nbsp;\u00bb, rappelle-t-elle.<\/p>\n\n\n\n<p>Pour Meryem, le v\u00e9lo est bien plus qu\u2019un simple moyen de transport \u00e9cologique. C\u2019est une fa\u00e7on de d\u00e9couvrir de nouveaux horizons et de partager la richesse de la culture marocaine avec les pays africains qu\u2019elle visite.<\/p>\n\n\n\n<p>\u00ab&nbsp;Mon objectif pour ce voyage est de traverser l\u2019Afrique de l\u2019Ouest jusqu\u2019\u00e0 l\u2019Afrique du Sud en v\u00e9lo, et puis faire l\u2019ascension du plus haut sommet du continent africain, le Kilimandjaro en Tanzanie&nbsp;\u00bb, a poursuivi la jeune casablancaise qui a men\u00e9 en 2020, au Danemark, une tourn\u00e9e cycliste, sur les traces du peuple Viking, plac\u00e9e sous le signe \u00ab&nbsp;les couleurs marocaines: quand le rouge rime avec le vert&nbsp;\u00bb.<\/p>\n\n\n\n<p>Pour la jeune athl\u00e8te, cette aventure est \u00e9galement une initiative humanitaire solidaire dans le cadre du programme \u00ab&nbsp;Khatwat Khir&nbsp;\u00bb de la soci\u00e9t\u00e9 Orange, ce qui va permettre de soutenir plusieurs associations dans les diff\u00e9rents pays africains qu\u2019elle traversera durant ce p\u00e9riple.&nbsp;\u00ab&nbsp;Dans le cadre de mon partenariat avec Orange Maroc, chaque kilom\u00e8tre parcouru sera converti en m\u00e9gas qui seront offerts \u00e0 des associations dans les pays africains que je visiterai&nbsp;\u00bb, a soulign\u00e9 la jeune globetrotteuse.<\/p>\n\n\n\n<p><strong>Avec Aabidine Naji, MAP.<\/strong><\/p>\n","protected":false},"excerpt":{"rendered":"<p>Aventuri\u00e8re dans l\u2019\u00e2me et assoiff\u00e9e de d\u00e9couvertes, la jeune globetrotteuse, Meryem Belkihel, est en train de vivre une nouvelle aventure in\u00e9dite \u00e0 v\u00e9lo du Maroc \u00e0 la Tanzanie en passant par plusieurs pays africains. Actuellement au S\u00e9n\u00e9gal, apr\u00e8s avoir parcouru plus de 3.000 km, la jeune marocaine de 27 ans, arm\u00e9e d\u2019une volont\u00e9 in\u00e9branlable, est &hellip;<\/p>\n","protected":false},"author":9,"featured_media":21288,"comment_status":"open","ping_status":"closed","sticky":false,"template":"","format":"standard","meta":{"footnotes":""},"categories":[348],"tags":[],"class_list":["post-21287","post","type-post","status-publish","format-standard","has-post-thumbnail","hentry","category-portrait"],"_links":{"self":[{"href":"https:\/\/letempsmag.ma\/index.php?rest_route=\/wp\/v2\/posts\/21287","targetHints":{"allow":["GET"]}}],"collection":[{"href":"https:\/\/letempsmag.ma\/index.php?rest_route=\/wp\/v2\/posts"}],"about":[{"href":"https:\/\/letempsmag.ma\/index.php?rest_route=\/wp\/v2\/types\/post"}],"author":[{"embeddable":true,"href":"https:\/\/letempsmag.ma\/index.php?rest_route=\/wp\/v2\/users\/9"}],"replies":[{"embeddable":true,"href":"https:\/\/letempsmag.ma\/index.php?rest_route=%2Fwp%2Fv2%2Fcomments&post=21287"}],"version-history":[{"count":1,"href":"https:\/\/letempsmag.ma\/index.php?rest_route=\/wp\/v2\/posts\/21287\/revisions"}],"predecessor-version":[{"id":21289,"href":"https:\/\/letempsmag.ma\/index.php?rest_route=\/wp\/v2\/posts\/21287\/revisions\/21289"}],"wp:featuredmedia":[{"embeddable":true,"href":"https:\/\/letempsmag.ma\/index.php?rest_route=\/wp\/v2\/media\/21288"}],"wp:attachment":[{"href":"https:\/\/letempsmag.ma\/index.php?rest_route=%2Fwp%2Fv2%2Fmedia&parent=21287"}],"wp:term":[{"taxonomy":"category","embeddable":true,"href":"https:\/\/letempsmag.ma\/index.php?rest_route=%2Fwp%2Fv2%2Fcategories&post=21287"},{"taxonomy":"post_tag","embeddable":true,"href":"https:\/\/letempsmag.ma\/index.php?rest_route=%2Fwp%2Fv2%2Ftags&post=21287"}],"curies":[{"name":"wp","href":"https:\/\/api.w.org\/{rel}","templated":true}]}}